{"id":287316,"date":"2023-02-14T22:25:50","date_gmt":"2023-02-14T19:25:50","guid":{"rendered":"https:\/\/sana.sy\/es\/?p=287316"},"modified":"2023-02-15T05:56:22","modified_gmt":"2023-02-15T02:56:22","slug":"cifra-final-de-victimas-mortales-por-el-terremoto-es-1-414-muertos-y-2-357-heridos","status":"publish","type":"post","link":"https:\/\/archive.sana.sy\/es\/?p=287316","title":{"rendered":"Cifra de v\u00edctimas por el terremoto en Siria es 1.414 muertos y 2.357 heridos"},"content":{"rendered":"<p style=\"text-align: justify;\"><span style=\"color: #800000;\"><strong>Damasco, 14 feb (SANA)<\/strong><\/span> La cifra de v\u00edctimas\u00a0 por el terremoto que azot\u00f3 Siria el pasado 6 de febrero se elev\u00f3 a 1.414 muertos y 2.357 heridos, declar\u00f3 el ministro de Salud, Hassan Al-Ghobash.<\/p>\n<p style=\"text-align: justify;\">En declaraciones a SANA, Al-Ghobash explic\u00f3 que los equipos de respuesta m\u00e9dica y de emergencia trabajaron al m\u00e1ximo para llegar a todas las v\u00edctimas, sacarlas de debajo de los escombros, trasladar a los heridos a los hospitales, y proporcionarles todos los servicios m\u00e9dicos y de emergencia, en coordinaci\u00f3n con todas las autoridades competentes.<\/p>\n<p style=\"text-align: justify;\"><em>mm\/fm<\/em><\/p>\n","protected":false},"excerpt":{"rendered":"<p>Damasco, 14 feb (SANA) La cifra de v\u00edctimas\u00a0 por el terremoto que azot\u00f3 Siria el pasado 6 de febrero se elev\u00f3 a 1.414 muertos y 2.357 heridos, declar\u00f3 el ministro de Salud, Hassan Al-Ghobash. En declaraciones a SANA, Al-Ghobash explic\u00f3 que los equipos de respuesta m\u00e9dica y de emergencia trabajaron al m\u00e1ximo para llegar a &hellip;<\/p>\n","protected":false},"author":36,"featured_media":287346,"comment_status":"closed","ping_status":"closed","sticky":false,"template":"","format":"standard","meta":{"footnotes":""},"categories":[597,20724,476,457,583,7541],"tags":[],"class_list":["post-287316","post","type-post","status-publish","format-standard","has-post-thumbnail","","category-cinta-de-noticias","category-minuto-a-minuto","category-locales","category-noticias-arabe-internacional-politica","category-slide","category-ultimas-noticias"],"_links":{"self":[{"href":"https:\/\/archive.sana.sy\/es\/index.php?rest_route=\/wp\/v2\/posts\/287316"}],"collection":[{"href":"https:\/\/archive.sana.sy\/es\/index.php?rest_route=\/wp\/v2\/posts"}],"about":[{"href":"https:\/\/archive.sana.sy\/es\/index.php?rest_route=\/wp\/v2\/types\/post"}],"author":[{"embeddable":true,"href":"https:\/\/archive.sana.sy\/es\/index.php?rest_route=\/wp\/v2\/users\/36"}],"replies":[{"embeddable":true,"href":"https:\/\/archive.sana.sy\/es\/index.php?rest_route=%2Fwp%2Fv2%2Fcomments&post=287316"}],"version-history":[{"count":0,"href":"https:\/\/archive.sana.sy\/es\/index.php?rest_route=\/wp\/v2\/posts\/287316\/revisions"}],"wp:featuredmedia":[{"embeddable":true,"href":"https:\/\/archive.sana.sy\/es\/index.php?rest_route=\/wp\/v2\/media\/287346"}],"wp:attachment":[{"href":"https:\/\/archive.sana.sy\/es\/index.php?rest_route=%2Fwp%2Fv2%2Fmedia&parent=287316"}],"wp:term":[{"taxonomy":"category","embeddable":true,"href":"https:\/\/archive.sana.sy\/es\/index.php?rest_route=%2Fwp%2Fv2%2Fcategories&post=287316"},{"taxonomy":"post_tag","embeddable":true,"href":"https:\/\/archive.sana.sy\/es\/index.php?rest_route=%2Fwp%2Fv2%2Ftags&post=287316"}],"curies":[{"name":"wp","href":"https:\/\/api.w.org\/{rel}","templated":true}]}}