{"id":287324,"date":"2023-02-14T23:34:41","date_gmt":"2023-02-14T20:34:41","guid":{"rendered":"https:\/\/sana.sy\/es\/?p=287324"},"modified":"2023-02-15T06:00:11","modified_gmt":"2023-02-15T03:00:11","slug":"presidente-de-cuba-reitera-solidaridad-con-siria","status":"publish","type":"post","link":"https:\/\/archive.sana.sy\/es\/?p=287324","title":{"rendered":"Presidente de Cuba reitera solidaridad con Siria"},"content":{"rendered":"<p style=\"text-align: justify;\"><span style=\"color: #800000;\"><strong>La Habana, 14 feb (SANA)<\/strong><\/span> El presidente de Cuba, Miguel D\u00edaz-Canel Berm\u00fadez, visit\u00f3 hoy la Embajada de Siria en La Habana, y ofreci\u00f3 sus condolencias por las v\u00edctimas del devastador terremoto que azot\u00f3 esta naci\u00f3n.<\/p>\n<p style=\"text-align: justify;\">El Mandatario de la isla caribe\u00f1a dese\u00f3 una pronta recuperaci\u00f3n a los heridos y heridos.<\/p>\n<p style=\"text-align: justify;\">En su discurso en el libro de condolencias de la embajada, D\u00edaz-Canel expres\u00f3 el pleno apoyo de su pa\u00eds al liderazgo y al pueblo de Siria en t\u00e9rminos de abordar las secuelas del terremoto.<img loading=\"lazy\" decoding=\"async\" class=\" wp-image-287326 alignright\" src=\"http:\/\/sana.sy\/es\/wp-content\/uploads\/2023\/02\/photo_2023-02-14_20-46-57-300x201.jpg\" alt=\"\" width=\"278\" height=\"186\" srcset=\"https:\/\/archive.sana.sy\/es\/wp-content\/uploads\/2023\/02\/photo_2023-02-14_20-46-57-300x201.jpg 300w, https:\/\/archive.sana.sy\/es\/wp-content\/uploads\/2023\/02\/photo_2023-02-14_20-46-57-1024x686.jpg 1024w, https:\/\/archive.sana.sy\/es\/wp-content\/uploads\/2023\/02\/photo_2023-02-14_20-46-57-150x100.jpg 150w, https:\/\/archive.sana.sy\/es\/wp-content\/uploads\/2023\/02\/photo_2023-02-14_20-46-57-768x514.jpg 768w, https:\/\/archive.sana.sy\/es\/wp-content\/uploads\/2023\/02\/photo_2023-02-14_20-46-57-1536x1028.jpg 1536w, https:\/\/archive.sana.sy\/es\/wp-content\/uploads\/2023\/02\/photo_2023-02-14_20-46-57-2048x1371.jpg 2048w, https:\/\/archive.sana.sy\/es\/wp-content\/uploads\/2023\/02\/photo_2023-02-14_20-46-57-110x75.jpg 110w\" sizes=\"(max-width: 278px) 100vw, 278px\" \/><\/p>\n<p style=\"text-align: justify;\">Asimismo, resalt\u00f3 que Cuba siempre apoya a la amiga Siria, \u201ccuyo pueblo y el de Cuba son hermanos\u201d.<\/p>\n<p style=\"text-align: justify;\">\u201cEn nombre del pueblo y el Gobierno de Cuba, expreso nuestras m\u00e1s sentidas condolencias al pueblo y al gobierno de la hermana Siria por las v\u00edctimas del devastador terremoto\u201d, expres\u00f3 el Presidente cubano.<\/p>\n<p style=\"text-align: justify;\">En el mismo contexto, destac\u00f3 que el pueblo y el gobierno sirios pueden contar con la solidaridad de Cuba en estos momentos dif\u00edciles.<\/p>\n<p style=\"text-align: justify;\"><em><strong>ah\/fm<\/strong><\/em><\/p>\n<p style=\"text-align: justify;\"><img loading=\"lazy\" decoding=\"async\" class=\"alignnone wp-image-287327 size-full\" src=\"http:\/\/sana.sy\/es\/wp-content\/uploads\/2023\/02\/photo_2023-02-14_20-47-10-scaled.jpg\" alt=\"\" width=\"2560\" height=\"1512\" srcset=\"https:\/\/archive.sana.sy\/es\/wp-content\/uploads\/2023\/02\/photo_2023-02-14_20-47-10-scaled.jpg 2560w, https:\/\/archive.sana.sy\/es\/wp-content\/uploads\/2023\/02\/photo_2023-02-14_20-47-10-300x177.jpg 300w, https:\/\/archive.sana.sy\/es\/wp-content\/uploads\/2023\/02\/photo_2023-02-14_20-47-10-1024x605.jpg 1024w, https:\/\/archive.sana.sy\/es\/wp-content\/uploads\/2023\/02\/photo_2023-02-14_20-47-10-150x89.jpg 150w, https:\/\/archive.sana.sy\/es\/wp-content\/uploads\/2023\/02\/photo_2023-02-14_20-47-10-768x453.jpg 768w, https:\/\/archive.sana.sy\/es\/wp-content\/uploads\/2023\/02\/photo_2023-02-14_20-47-10-1536x907.jpg 1536w, https:\/\/archive.sana.sy\/es\/wp-content\/uploads\/2023\/02\/photo_2023-02-14_20-47-10-2048x1209.jpg 2048w\" sizes=\"(max-width: 2560px) 100vw, 2560px\" \/><\/p>\n","protected":false},"excerpt":{"rendered":"<p>La Habana, 14 feb (SANA) El presidente de Cuba, Miguel D\u00edaz-Canel Berm\u00fadez, visit\u00f3 hoy la Embajada de Siria en La Habana, y ofreci\u00f3 sus condolencias por las v\u00edctimas del devastador terremoto que azot\u00f3 esta naci\u00f3n. El Mandatario de la isla caribe\u00f1a dese\u00f3 una pronta recuperaci\u00f3n a los heridos y heridos. En su discurso en el &hellip;<\/p>\n","protected":false},"author":30,"featured_media":287326,"comment_status":"closed","ping_status":"closed","sticky":false,"template":"","format":"standard","meta":{"footnotes":""},"categories":[597,20724,467,583,7541],"tags":[],"class_list":["post-287324","post","type-post","status-publish","format-standard","has-post-thumbnail","","category-cinta-de-noticias","category-minuto-a-minuto","category-siria-y-el-mundo","category-slide","category-ultimas-noticias"],"_links":{"self":[{"href":"https:\/\/archive.sana.sy\/es\/index.php?rest_route=\/wp\/v2\/posts\/287324"}],"collection":[{"href":"https:\/\/archive.sana.sy\/es\/index.php?rest_route=\/wp\/v2\/posts"}],"about":[{"href":"https:\/\/archive.sana.sy\/es\/index.php?rest_route=\/wp\/v2\/types\/post"}],"author":[{"embeddable":true,"href":"https:\/\/archive.sana.sy\/es\/index.php?rest_route=\/wp\/v2\/users\/30"}],"replies":[{"embeddable":true,"href":"https:\/\/archive.sana.sy\/es\/index.php?rest_route=%2Fwp%2Fv2%2Fcomments&post=287324"}],"version-history":[{"count":0,"href":"https:\/\/archive.sana.sy\/es\/index.php?rest_route=\/wp\/v2\/posts\/287324\/revisions"}],"wp:featuredmedia":[{"embeddable":true,"href":"https:\/\/archive.sana.sy\/es\/index.php?rest_route=\/wp\/v2\/media\/287326"}],"wp:attachment":[{"href":"https:\/\/archive.sana.sy\/es\/index.php?rest_route=%2Fwp%2Fv2%2Fmedia&parent=287324"}],"wp:term":[{"taxonomy":"category","embeddable":true,"href":"https:\/\/archive.sana.sy\/es\/index.php?rest_route=%2Fwp%2Fv2%2Fcategories&post=287324"},{"taxonomy":"post_tag","embeddable":true,"href":"https:\/\/archive.sana.sy\/es\/index.php?rest_route=%2Fwp%2Fv2%2Ftags&post=287324"}],"curies":[{"name":"wp","href":"https:\/\/api.w.org\/{rel}","templated":true}]}}