{"id":287329,"date":"2023-02-14T23:44:25","date_gmt":"2023-02-14T20:44:25","guid":{"rendered":"https:\/\/sana.sy\/es\/?p=287329"},"modified":"2023-02-15T06:02:00","modified_gmt":"2023-02-15T03:02:00","slug":"malasia-lanza-campana-de-donacion-para-las-victimas-del-devastador-terremoto-en-siria","status":"publish","type":"post","link":"https:\/\/archive.sana.sy\/es\/?p=287329","title":{"rendered":"Malasia solidaria con Siria ante el devastador terremoto"},"content":{"rendered":"<p style=\"text-align: justify;\"><span style=\"color: #800000;\"><strong>Kuala Lumpur, 14 feb (SANA)<\/strong><\/span> El primer ministro de Malasia, Anwar Ibrahim, lanz\u00f3 una campa\u00f1a de donaci\u00f3n para las v\u00edctimas del devastador terremoto que azot\u00f3 Siria y Turqu\u00eda el lunes pasado, y se\u00f1al\u00f3 que las donaciones alcanzaron los 50 millones de ringgit.<\/p>\n<p style=\"text-align: justify;\">Asimismo, el Primer Ministro orden\u00f3 a la Canciller\u00eda de su pa\u00eds que enviara un grupo de trabajo compuesto por varias agencias gubernamentales y algunas ONGs malasias para evaluar los da\u00f1os y conocer las necesidades para brindar asistencia a los hermanos en Siria, a pesar de las medidas coercitivas unilaterales ilegales impuestas en su contra.<\/p>\n<p style=\"text-align: justify;\">\u201cEl equipo tendr\u00e1 tareas adicionales, en particular evaluar la reapertura de la embajada en Damasco y la posibilidad de contribuir a la reconstrucci\u00f3n de acuerdo con los resultados de la visita\u201d, detall\u00f3 el Primer Ministro malasio.<\/p>\n<p style=\"text-align: justify;\"><em><strong>ah\/fm<\/strong><\/em><\/p>\n","protected":false},"excerpt":{"rendered":"<p>Kuala Lumpur, 14 feb (SANA) El primer ministro de Malasia, Anwar Ibrahim, lanz\u00f3 una campa\u00f1a de donaci\u00f3n para las v\u00edctimas del devastador terremoto que azot\u00f3 Siria y Turqu\u00eda el lunes pasado, y se\u00f1al\u00f3 que las donaciones alcanzaron los 50 millones de ringgit. Asimismo, el Primer Ministro orden\u00f3 a la Canciller\u00eda de su pa\u00eds que enviara &hellip;<\/p>\n","protected":false},"author":30,"featured_media":287330,"comment_status":"closed","ping_status":"closed","sticky":false,"template":"","format":"standard","meta":{"footnotes":""},"categories":[597,20724,467,7541],"tags":[],"class_list":["post-287329","post","type-post","status-publish","format-standard","has-post-thumbnail","","category-cinta-de-noticias","category-minuto-a-minuto","category-siria-y-el-mundo","category-ultimas-noticias"],"_links":{"self":[{"href":"https:\/\/archive.sana.sy\/es\/index.php?rest_route=\/wp\/v2\/posts\/287329"}],"collection":[{"href":"https:\/\/archive.sana.sy\/es\/index.php?rest_route=\/wp\/v2\/posts"}],"about":[{"href":"https:\/\/archive.sana.sy\/es\/index.php?rest_route=\/wp\/v2\/types\/post"}],"author":[{"embeddable":true,"href":"https:\/\/archive.sana.sy\/es\/index.php?rest_route=\/wp\/v2\/users\/30"}],"replies":[{"embeddable":true,"href":"https:\/\/archive.sana.sy\/es\/index.php?rest_route=%2Fwp%2Fv2%2Fcomments&post=287329"}],"version-history":[{"count":0,"href":"https:\/\/archive.sana.sy\/es\/index.php?rest_route=\/wp\/v2\/posts\/287329\/revisions"}],"wp:featuredmedia":[{"embeddable":true,"href":"https:\/\/archive.sana.sy\/es\/index.php?rest_route=\/wp\/v2\/media\/287330"}],"wp:attachment":[{"href":"https:\/\/archive.sana.sy\/es\/index.php?rest_route=%2Fwp%2Fv2%2Fmedia&parent=287329"}],"wp:term":[{"taxonomy":"category","embeddable":true,"href":"https:\/\/archive.sana.sy\/es\/index.php?rest_route=%2Fwp%2Fv2%2Fcategories&post=287329"},{"taxonomy":"post_tag","embeddable":true,"href":"https:\/\/archive.sana.sy\/es\/index.php?rest_route=%2Fwp%2Fv2%2Ftags&post=287329"}],"curies":[{"name":"wp","href":"https:\/\/api.w.org\/{rel}","templated":true}]}}