{"id":287332,"date":"2023-02-14T23:50:14","date_gmt":"2023-02-14T20:50:14","guid":{"rendered":"https:\/\/sana.sy\/es\/?p=287332"},"modified":"2023-02-14T23:50:14","modified_gmt":"2023-02-14T20:50:14","slug":"figuras-diplomaticas-arabes-y-extranjeros-ofrecen-condolencias-en-embajada-de-siria-en-kuwait","status":"publish","type":"post","link":"https:\/\/archive.sana.sy\/es\/?p=287332","title":{"rendered":"Figuras diplom\u00e1ticas, \u00e1rabes y extranjeros ofrecen condolencias en Embajada de Siria en Kuwait"},"content":{"rendered":"<p style=\"text-align: justify;\"><span style=\"color: #800000;\"><strong>Kuwait, 14 feb (SANA)<\/strong><\/span> Un gran n\u00famero de embajadores \u00e1rabes y extranjeros, jefes de misi\u00f3n, miembros del cuerpo diplom\u00e1tico, representantes de organizaciones internacionales que operan en Kuwait y figuras de los medios de comunicaci\u00f3n, sindicatos y religiosos acudieron a la Embajada de Siria en Kuwait para ofrecer sus condolencias por las v\u00edctimas del devastador terremoto en Siria.<\/p>\n<p style=\"text-align: justify;\">En discursos registrados en el libro de condolencias de la Embajada, las figuras visitantes expresaron sus condolencias por las v\u00edctimas del terremoto, desearon una pronta recuperaci\u00f3n a los heridos y expresaron su solidaridad con Siria para aliviar los efectos de esta dolorosa tragedia causada por el terremoto.<\/p>\n<p style=\"text-align: justify;\"><em><strong>ah<\/strong><\/em><\/p>\n","protected":false},"excerpt":{"rendered":"<p>Kuwait, 14 feb (SANA) Un gran n\u00famero de embajadores \u00e1rabes y extranjeros, jefes de misi\u00f3n, miembros del cuerpo diplom\u00e1tico, representantes de organizaciones internacionales que operan en Kuwait y figuras de los medios de comunicaci\u00f3n, sindicatos y religiosos acudieron a la Embajada de Siria en Kuwait para ofrecer sus condolencias por las v\u00edctimas del devastador terremoto &hellip;<\/p>\n","protected":false},"author":30,"featured_media":287333,"comment_status":"closed","ping_status":"closed","sticky":false,"template":"","format":"standard","meta":{"footnotes":""},"categories":[597,20724,467,7541],"tags":[],"class_list":["post-287332","post","type-post","status-publish","format-standard","has-post-thumbnail","","category-cinta-de-noticias","category-minuto-a-minuto","category-siria-y-el-mundo","category-ultimas-noticias"],"_links":{"self":[{"href":"https:\/\/archive.sana.sy\/es\/index.php?rest_route=\/wp\/v2\/posts\/287332"}],"collection":[{"href":"https:\/\/archive.sana.sy\/es\/index.php?rest_route=\/wp\/v2\/posts"}],"about":[{"href":"https:\/\/archive.sana.sy\/es\/index.php?rest_route=\/wp\/v2\/types\/post"}],"author":[{"embeddable":true,"href":"https:\/\/archive.sana.sy\/es\/index.php?rest_route=\/wp\/v2\/users\/30"}],"replies":[{"embeddable":true,"href":"https:\/\/archive.sana.sy\/es\/index.php?rest_route=%2Fwp%2Fv2%2Fcomments&post=287332"}],"version-history":[{"count":0,"href":"https:\/\/archive.sana.sy\/es\/index.php?rest_route=\/wp\/v2\/posts\/287332\/revisions"}],"wp:featuredmedia":[{"embeddable":true,"href":"https:\/\/archive.sana.sy\/es\/index.php?rest_route=\/wp\/v2\/media\/287333"}],"wp:attachment":[{"href":"https:\/\/archive.sana.sy\/es\/index.php?rest_route=%2Fwp%2Fv2%2Fmedia&parent=287332"}],"wp:term":[{"taxonomy":"category","embeddable":true,"href":"https:\/\/archive.sana.sy\/es\/index.php?rest_route=%2Fwp%2Fv2%2Fcategories&post=287332"},{"taxonomy":"post_tag","embeddable":true,"href":"https:\/\/archive.sana.sy\/es\/index.php?rest_route=%2Fwp%2Fv2%2Ftags&post=287332"}],"curies":[{"name":"wp","href":"https:\/\/api.w.org\/{rel}","templated":true}]}}