{"id":287335,"date":"2023-02-14T23:56:01","date_gmt":"2023-02-14T20:56:01","guid":{"rendered":"https:\/\/sana.sy\/es\/?p=287335"},"modified":"2023-02-14T23:56:01","modified_gmt":"2023-02-14T20:56:01","slug":"embajadores-y-jefes-de-misiones-diplomaticas-ofrecen-sus-condolencias-en-la-embajada-de-siria-en-hungria","status":"publish","type":"post","link":"https:\/\/archive.sana.sy\/es\/?p=287335","title":{"rendered":"Embajadores y jefes de misiones diplom\u00e1ticas ofrecen sus condolencias en la Embajada de Siria en Hungr\u00eda"},"content":{"rendered":"<p style=\"text-align: justify;\"><span style=\"color: #800000;\"><strong>Budapest, 14 feb (SANA)<\/strong><\/span> \u00a0Muchos embajadores y jefes de misiones diplom\u00e1ticas de pa\u00edses hermanos y amigos acreditadas ante la Rep\u00fablica de Hungr\u00eda acudieron a la sede de la Misi\u00f3n de la Rep\u00fablica \u00c1rabe Siria en Budapest, para expresar sus sinceras condolencias al pueblo y al Gobierno de Siria por las v\u00edctimas del terremoto.<\/p>\n<p style=\"text-align: justify;\">Los visitantes registraron expresiones de condolencias y simpat\u00eda en el libro de condolencias de la embajada.<\/p>\n<p style=\"text-align: justify;\">Por su parte, el jefe de la misi\u00f3n diplom\u00e1tica siria, el embajador Bashar Samara, elogi\u00f3 los esfuerzos e iniciativas puestas en marcha por pa\u00edses amigos y hermanos, para enviar diversos equipos de ayuda y rescate para ayudar al pueblo sirio, aliviar su sufrimiento y apoyarlo para superar esta terrible tragedia.<\/p>\n<p style=\"text-align: justify;\"><em><strong>ah<\/strong><\/em><\/p>\n","protected":false},"excerpt":{"rendered":"<p>Budapest, 14 feb (SANA) \u00a0Muchos embajadores y jefes de misiones diplom\u00e1ticas de pa\u00edses hermanos y amigos acreditadas ante la Rep\u00fablica de Hungr\u00eda acudieron a la sede de la Misi\u00f3n de la Rep\u00fablica \u00c1rabe Siria en Budapest, para expresar sus sinceras condolencias al pueblo y al Gobierno de Siria por las v\u00edctimas del terremoto. Los visitantes &hellip;<\/p>\n","protected":false},"author":30,"featured_media":287336,"comment_status":"closed","ping_status":"closed","sticky":false,"template":"","format":"standard","meta":{"footnotes":""},"categories":[597,20724,467],"tags":[],"class_list":["post-287335","post","type-post","status-publish","format-standard","has-post-thumbnail","","category-cinta-de-noticias","category-minuto-a-minuto","category-siria-y-el-mundo"],"_links":{"self":[{"href":"https:\/\/archive.sana.sy\/es\/index.php?rest_route=\/wp\/v2\/posts\/287335"}],"collection":[{"href":"https:\/\/archive.sana.sy\/es\/index.php?rest_route=\/wp\/v2\/posts"}],"about":[{"href":"https:\/\/archive.sana.sy\/es\/index.php?rest_route=\/wp\/v2\/types\/post"}],"author":[{"embeddable":true,"href":"https:\/\/archive.sana.sy\/es\/index.php?rest_route=\/wp\/v2\/users\/30"}],"replies":[{"embeddable":true,"href":"https:\/\/archive.sana.sy\/es\/index.php?rest_route=%2Fwp%2Fv2%2Fcomments&post=287335"}],"version-history":[{"count":0,"href":"https:\/\/archive.sana.sy\/es\/index.php?rest_route=\/wp\/v2\/posts\/287335\/revisions"}],"wp:featuredmedia":[{"embeddable":true,"href":"https:\/\/archive.sana.sy\/es\/index.php?rest_route=\/wp\/v2\/media\/287336"}],"wp:attachment":[{"href":"https:\/\/archive.sana.sy\/es\/index.php?rest_route=%2Fwp%2Fv2%2Fmedia&parent=287335"}],"wp:term":[{"taxonomy":"category","embeddable":true,"href":"https:\/\/archive.sana.sy\/es\/index.php?rest_route=%2Fwp%2Fv2%2Fcategories&post=287335"},{"taxonomy":"post_tag","embeddable":true,"href":"https:\/\/archive.sana.sy\/es\/index.php?rest_route=%2Fwp%2Fv2%2Ftags&post=287335"}],"curies":[{"name":"wp","href":"https:\/\/api.w.org\/{rel}","templated":true}]}}