{"id":287341,"date":"2023-02-15T05:46:31","date_gmt":"2023-02-15T02:46:31","guid":{"rendered":"https:\/\/sana.sy\/es\/?p=287341"},"modified":"2023-02-15T05:46:55","modified_gmt":"2023-02-15T02:46:55","slug":"jovenes-cubanos-reafirman-solidaridad-con-siria-ante-desastre-del-terremoto","status":"publish","type":"post","link":"https:\/\/archive.sana.sy\/es\/?p=287341","title":{"rendered":"J\u00f3venes cubanos reafirman solidaridad con Siria ante desastre del terremoto"},"content":{"rendered":"<blockquote>\n<p style=\"text-align: justify;\"><span style=\"color: #993300;\">&#8220;Los j\u00f3venes cubanos y sirios tienen un enemigo com\u00fan y mucha historia compartida, marcada por la imposici\u00f3n de medidas coercitivas unilaterales por el gobierno de Estados Unidos&#8221;<\/span><\/p>\n<p style=\"text-align: justify;\"><span style=\"color: #993300;\">&#8220;Siria no solo enfrenta los embates de este fen\u00f3meno natural, es tambi\u00e9n v\u00edctima de casi doce a\u00f1os de guerra y conoce los efectos de una pol\u00edtica genocida que a golpe de sanciones econ\u00f3micas pretende arrebatarle concesiones&#8221;<\/span><\/p>\n<\/blockquote>\n<p style=\"text-align: justify;\"><span style=\"color: #800000;\"><strong>La Habana, 15 feb (SANA)<\/strong> <\/span>La Uni\u00f3n de J\u00f3venes Comunistas de Cuba (UJC) manifest\u00f3 su solidaridad con Siria ante el terremoto que ocasion\u00f3 grandes p\u00e9rdidas humanas y materiales en ese pa\u00eds.<\/p>\n<p>Durante un acto celebrado en la capitalina Escuela Latinoamericana de Medicina (ELAM), la primera secretaria de la organizaci\u00f3n juvenil, Aylin \u00c1lvarez, subray\u00f3 que el pueblo y los estudiantes sirios en la naci\u00f3n caribe\u00f1a no est\u00e1n solos y cuentan con el apoyo de Cuba entera.<\/p>\n<p style=\"text-align: justify;\">Citada por Prensa Latina, indic\u00f3 que Siria no solo enfrenta los embates de este fen\u00f3meno natural, es tambi\u00e9n v\u00edctima de casi doce a\u00f1os de guerra y conoce los efectos de una pol\u00edtica genocida que a golpe de sanciones econ\u00f3micas pretende arrebatarle concesiones\u00bb.<\/p>\n<p style=\"text-align: justify;\">Se\u00f1al\u00f3 que los j\u00f3venes cubanos y sirios tienen un enemigo com\u00fan y mucha historia compartida, marcada por la imposici\u00f3n de medidas coercitivas unilaterales por el gobierno de Estados Unidos.<\/p>\n<p style=\"text-align: justify;\">\u00abExigimos el fin de la Ley C\u00e9sar, el fin de las medidas coercitivas unilaterales contra Siria; en momentos como estos levantar las sanciones econ\u00f3micas es cuesti\u00f3n de humanidad y decencia\u00bb, resalt\u00f3.<\/p>\n<p style=\"text-align: justify;\">En tanto, el embajador sirio en Cuba, Ghassan Obeid, expres\u00f3 sentirse muy feliz por las muestras de solidaridad y hermandad que recibe del pueblo cubano.<\/p>\n<p style=\"text-align: justify;\">\u00abA pesar de las distancias geogr\u00e1ficas, estamos al lado de un pueblo heroico\u00bb, subray\u00f3.<\/p>\n<p style=\"text-align: justify;\">Conden\u00f3 el bloqueo estadounidense contra su pa\u00eds y Cuba, el cual busca impedir el desarrollo de las naciones, en especial en \u00e1reas como la econom\u00eda y la cultura, explic\u00f3 el diplom\u00e1tico.<\/p>\n<p style=\"text-align: justify;\">fm<\/p>\n","protected":false},"excerpt":{"rendered":"<p>&#8220;Los j\u00f3venes cubanos y sirios tienen un enemigo com\u00fan y mucha historia compartida, marcada por la imposici\u00f3n de medidas coercitivas unilaterales por el gobierno de Estados Unidos&#8221; &#8220;Siria no solo enfrenta los embates de este fen\u00f3meno natural, es tambi\u00e9n v\u00edctima de casi doce a\u00f1os de guerra y conoce los efectos de una pol\u00edtica genocida que &hellip;<\/p>\n","protected":false},"author":34,"featured_media":287342,"comment_status":"closed","ping_status":"closed","sticky":false,"template":"","format":"standard","meta":{"footnotes":""},"categories":[477,597,20724,467,7541],"tags":[],"class_list":["post-287341","post","type-post","status-publish","format-standard","has-post-thumbnail","","category-noticias-edulcorantes","category-cinta-de-noticias","category-minuto-a-minuto","category-siria-y-el-mundo","category-ultimas-noticias"],"_links":{"self":[{"href":"https:\/\/archive.sana.sy\/es\/index.php?rest_route=\/wp\/v2\/posts\/287341"}],"collection":[{"href":"https:\/\/archive.sana.sy\/es\/index.php?rest_route=\/wp\/v2\/posts"}],"about":[{"href":"https:\/\/archive.sana.sy\/es\/index.php?rest_route=\/wp\/v2\/types\/post"}],"author":[{"embeddable":true,"href":"https:\/\/archive.sana.sy\/es\/index.php?rest_route=\/wp\/v2\/users\/34"}],"replies":[{"embeddable":true,"href":"https:\/\/archive.sana.sy\/es\/index.php?rest_route=%2Fwp%2Fv2%2Fcomments&post=287341"}],"version-history":[{"count":0,"href":"https:\/\/archive.sana.sy\/es\/index.php?rest_route=\/wp\/v2\/posts\/287341\/revisions"}],"wp:featuredmedia":[{"embeddable":true,"href":"https:\/\/archive.sana.sy\/es\/index.php?rest_route=\/wp\/v2\/media\/287342"}],"wp:attachment":[{"href":"https:\/\/archive.sana.sy\/es\/index.php?rest_route=%2Fwp%2Fv2%2Fmedia&parent=287341"}],"wp:term":[{"taxonomy":"category","embeddable":true,"href":"https:\/\/archive.sana.sy\/es\/index.php?rest_route=%2Fwp%2Fv2%2Fcategories&post=287341"},{"taxonomy":"post_tag","embeddable":true,"href":"https:\/\/archive.sana.sy\/es\/index.php?rest_route=%2Fwp%2Fv2%2Ftags&post=287341"}],"curies":[{"name":"wp","href":"https:\/\/api.w.org\/{rel}","templated":true}]}}