{"id":287359,"date":"2023-02-15T09:44:09","date_gmt":"2023-02-15T06:44:09","guid":{"rendered":"https:\/\/sana.sy\/es\/?p=287359"},"modified":"2023-02-15T09:44:09","modified_gmt":"2023-02-15T06:44:09","slug":"ee-uu-engana-a-la-opinion-publica-sobre-sus-sanciones-impuestas-a-siria","status":"publish","type":"post","link":"https:\/\/archive.sana.sy\/es\/?p=287359","title":{"rendered":"EE.UU. enga\u00f1a a la opini\u00f3n p\u00fablica sobre sus sanciones impuestas a Siria"},"content":{"rendered":"<blockquote>\n<p style=\"text-align: justify;\"><span style=\"color: #ff0000;\"><strong>En un comentario que public\u00f3 hoy en su cuenta de Facebook, el eurodiputado Ivan David dijo que &#8220;estas sanciones siguen dificultando la situaci\u00f3n humanitaria en Siria, y siguen impidiendo la importaci\u00f3n de cualquier material o el env\u00edo de ayuda\u201d.<\/strong><\/span><\/p>\n<\/blockquote>\n<p style=\"text-align: justify;\"><strong><span style=\"color: #800000;\">Praga, 15 feb (SANA)\u00a0\u00a0<\/span> <\/strong>El miembro del Parlamento Europeo por la Rep\u00fablica Checa, Ivan David, dijo hoy que el anuncio de Estados Unidos de suspender parte de las sanciones impuestas a Siria no es m\u00e1s que un intento fallido de desinformar la opini\u00f3n p\u00fablica mundial y embellecer su imagen frente al mundo.<\/p>\n<p>En un comentario que public\u00f3 hoy en su cuenta de Facebook, David dijo: Estas sanciones siguen dificultando la situaci\u00f3n humanitaria en Siria, y siguen impidiendo la importaci\u00f3n de cualquier material o el env\u00edo de ayuda\u201d.<\/p>\n<p>El eurodiputado subray\u00f3 que &#8220;el elevado n\u00famero de v\u00edctimas debajo de los escombros no har\u00e1 que Occidente limite sus pol\u00edticas y pr\u00e1cticas destinadas a inmiscuirse en los asuntos internos de los Estados, ya que no le importan la vida de los seres humanos&#8221;.<\/p>\n<p><strong>fm\/ws<\/strong><\/p>\n","protected":false},"excerpt":{"rendered":"<p>En un comentario que public\u00f3 hoy en su cuenta de Facebook, el eurodiputado Ivan David dijo que &#8220;estas sanciones siguen dificultando la situaci\u00f3n humanitaria en Siria, y siguen impidiendo la importaci\u00f3n de cualquier material o el env\u00edo de ayuda\u201d. Praga, 15 feb (SANA)\u00a0\u00a0 El miembro del Parlamento Europeo por la Rep\u00fablica Checa, Ivan David, dijo &hellip;<\/p>\n","protected":false},"author":35,"featured_media":287360,"comment_status":"closed","ping_status":"closed","sticky":false,"template":"","format":"standard","meta":{"footnotes":""},"categories":[477,447,597,20724,467,7541],"tags":[],"class_list":["post-287359","post","type-post","status-publish","format-standard","has-post-thumbnail","","category-noticias-edulcorantes","category-local-politica","category-cinta-de-noticias","category-minuto-a-minuto","category-siria-y-el-mundo","category-ultimas-noticias"],"_links":{"self":[{"href":"https:\/\/archive.sana.sy\/es\/index.php?rest_route=\/wp\/v2\/posts\/287359"}],"collection":[{"href":"https:\/\/archive.sana.sy\/es\/index.php?rest_route=\/wp\/v2\/posts"}],"about":[{"href":"https:\/\/archive.sana.sy\/es\/index.php?rest_route=\/wp\/v2\/types\/post"}],"author":[{"embeddable":true,"href":"https:\/\/archive.sana.sy\/es\/index.php?rest_route=\/wp\/v2\/users\/35"}],"replies":[{"embeddable":true,"href":"https:\/\/archive.sana.sy\/es\/index.php?rest_route=%2Fwp%2Fv2%2Fcomments&post=287359"}],"version-history":[{"count":0,"href":"https:\/\/archive.sana.sy\/es\/index.php?rest_route=\/wp\/v2\/posts\/287359\/revisions"}],"wp:featuredmedia":[{"embeddable":true,"href":"https:\/\/archive.sana.sy\/es\/index.php?rest_route=\/wp\/v2\/media\/287360"}],"wp:attachment":[{"href":"https:\/\/archive.sana.sy\/es\/index.php?rest_route=%2Fwp%2Fv2%2Fmedia&parent=287359"}],"wp:term":[{"taxonomy":"category","embeddable":true,"href":"https:\/\/archive.sana.sy\/es\/index.php?rest_route=%2Fwp%2Fv2%2Fcategories&post=287359"},{"taxonomy":"post_tag","embeddable":true,"href":"https:\/\/archive.sana.sy\/es\/index.php?rest_route=%2Fwp%2Fv2%2Ftags&post=287359"}],"curies":[{"name":"wp","href":"https:\/\/api.w.org\/{rel}","templated":true}]}}