{"id":287397,"date":"2023-02-15T15:07:33","date_gmt":"2023-02-15T12:07:33","guid":{"rendered":"https:\/\/sana.sy\/es\/?p=287397"},"modified":"2023-02-15T15:07:33","modified_gmt":"2023-02-15T12:07:33","slug":"gobierno-sirio-decide-pasar-de-la-respuesta-de-emergencia-al-plan-de-recuperacion-del-terremoto","status":"publish","type":"post","link":"https:\/\/archive.sana.sy\/es\/?p=287397","title":{"rendered":"Gobierno sirio decide pasar de la respuesta de emergencia al plan de recuperaci\u00f3n del terremoto"},"content":{"rendered":"<p style=\"text-align: justify;\"><span style=\"color: #800000;\"><strong>Damasco, 15 feb (SANA)\u00a0<\/strong><\/span> El Consejo de Ministros encabezado por el primer ministro Hussein Arnous, decidi\u00f3 hoy pasar de la fase de respuesta de emergencia al plan de acci\u00f3n organizado que incluye la intensificaci\u00f3n de las operaciones de socorro para hacer frente a las repercusiones del devastador terremoto que golpe\u00f3 cuatro provincias sirias.<\/p>\n<p style=\"text-align: justify;\">El plan incluye realizar estudios y elaborar base de datos de las zonas afectadas con el fin de rehabilitarlas y desarrollarlas en los aspectos urban\u00edstico, constructivo y de servicios.<\/p>\n<p style=\"text-align: justify;\">Asimismo, se distribuir\u00e1 la ayuda a todas las personas afectadas de este desastre y se buscar\u00e1n alternativas para asegurar centros de alojamiento a las familias sin hogar hasta que se rehabiliten sus barrios destruidos.<\/p>\n<p style=\"text-align: justify;\">El jefe del Ejecutivo, Hussein Arnous, se\u00f1al\u00f3 que las medidas gubernamental en estas circunstancias requieren una r\u00e1pida gesti\u00f3n de las repercusiones del terremoto, en paralelo con la implementaci\u00f3n de los planes de los ministerios e intensificar los esfuerzos para cumplir con las tareas involucradas.<\/p>\n<p style=\"text-align: justify;\"><em><strong>ws\/fm<\/strong><\/em><\/p>\n","protected":false},"excerpt":{"rendered":"<p>Damasco, 15 feb (SANA)\u00a0 El Consejo de Ministros encabezado por el primer ministro Hussein Arnous, decidi\u00f3 hoy pasar de la fase de respuesta de emergencia al plan de acci\u00f3n organizado que incluye la intensificaci\u00f3n de las operaciones de socorro para hacer frente a las repercusiones del devastador terremoto que golpe\u00f3 cuatro provincias sirias. El plan &hellip;<\/p>\n","protected":false},"author":35,"featured_media":287400,"comment_status":"closed","ping_status":"closed","sticky":false,"template":"","format":"standard","meta":{"footnotes":""},"categories":[447,477,597,20724,476,7541],"tags":[],"class_list":["post-287397","post","type-post","status-publish","format-standard","has-post-thumbnail","","category-local-politica","category-noticias-edulcorantes","category-cinta-de-noticias","category-minuto-a-minuto","category-locales","category-ultimas-noticias"],"_links":{"self":[{"href":"https:\/\/archive.sana.sy\/es\/index.php?rest_route=\/wp\/v2\/posts\/287397"}],"collection":[{"href":"https:\/\/archive.sana.sy\/es\/index.php?rest_route=\/wp\/v2\/posts"}],"about":[{"href":"https:\/\/archive.sana.sy\/es\/index.php?rest_route=\/wp\/v2\/types\/post"}],"author":[{"embeddable":true,"href":"https:\/\/archive.sana.sy\/es\/index.php?rest_route=\/wp\/v2\/users\/35"}],"replies":[{"embeddable":true,"href":"https:\/\/archive.sana.sy\/es\/index.php?rest_route=%2Fwp%2Fv2%2Fcomments&post=287397"}],"version-history":[{"count":0,"href":"https:\/\/archive.sana.sy\/es\/index.php?rest_route=\/wp\/v2\/posts\/287397\/revisions"}],"wp:featuredmedia":[{"embeddable":true,"href":"https:\/\/archive.sana.sy\/es\/index.php?rest_route=\/wp\/v2\/media\/287400"}],"wp:attachment":[{"href":"https:\/\/archive.sana.sy\/es\/index.php?rest_route=%2Fwp%2Fv2%2Fmedia&parent=287397"}],"wp:term":[{"taxonomy":"category","embeddable":true,"href":"https:\/\/archive.sana.sy\/es\/index.php?rest_route=%2Fwp%2Fv2%2Fcategories&post=287397"},{"taxonomy":"post_tag","embeddable":true,"href":"https:\/\/archive.sana.sy\/es\/index.php?rest_route=%2Fwp%2Fv2%2Ftags&post=287397"}],"curies":[{"name":"wp","href":"https:\/\/api.w.org\/{rel}","templated":true}]}}