{"id":287409,"date":"2023-02-15T21:23:39","date_gmt":"2023-02-15T18:23:39","guid":{"rendered":"https:\/\/sana.sy\/es\/?p=287409"},"modified":"2023-02-15T21:23:23","modified_gmt":"2023-02-15T18:23:23","slug":"presidente-al-assad-recibe-al-canciller-de-jordania","status":"publish","type":"post","link":"https:\/\/archive.sana.sy\/es\/?p=287409","title":{"rendered":"Presidente Al-Assad recibe al Canciller de Jordania"},"content":{"rendered":"<blockquote>\n<p style=\"text-align: justify;\"><strong>\u201cSeguiremos cumpliendo las instrucciones de Su Majestad el Rey de brindar todo lo posible para ayudar a Siria y al pueblo sirio a superar este calvario y apoyar los esfuerzos del gobierno sirio en ayudar a los afectados\u201d, dijo Safadi.<\/strong><\/p>\n<\/blockquote>\n<p style=\"text-align: justify;\"><strong><span style=\"color: #800000;\">Damasco, 15 feb (SANA)\u00a0<\/span> <\/strong>\u00a0El presidente Bashar al-Assad, recibi\u00f3 hoy a Ayman Safadi, el viceprimer ministro y ministro de Asuntos Exteriores y Expatriados de Jordania.<\/p>\n<p style=\"text-align: justify;\">El canciller transmiti\u00f3 al presidente Al-Assad los saludos y condolencias de Su Majestad el Rey Abdullah II, y afirm\u00f3 que el liderazgo y el pueblo del Reino Hachemita de Jordania se solidarizan con el pueblo sirio que enfrenta las secuelas del terremoto.<\/p>\n<p style=\"text-align: justify;\">\u201cSeguiremos cumpliendo las instrucciones de Su Majestad el Rey de brindar todo lo posible para ayudar a Siria y al pueblo sirio a superar este calvario y apoyar los esfuerzos del gobierno sirio en ayudar a los afectados\u201d, dijo Safadi.<\/p>\n<p style=\"text-align: justify;\"><img loading=\"lazy\" decoding=\"async\" class=\" wp-image-287411 alignleft\" src=\"http:\/\/sana.sy\/es\/wp-content\/uploads\/2023\/02\/photo_2023-02-15_15-19-14-300x198.jpg\" alt=\"\" width=\"309\" height=\"204\" srcset=\"https:\/\/archive.sana.sy\/es\/wp-content\/uploads\/2023\/02\/photo_2023-02-15_15-19-14-300x198.jpg 300w, https:\/\/archive.sana.sy\/es\/wp-content\/uploads\/2023\/02\/photo_2023-02-15_15-19-14-1024x677.jpg 1024w, https:\/\/archive.sana.sy\/es\/wp-content\/uploads\/2023\/02\/photo_2023-02-15_15-19-14-150x99.jpg 150w, https:\/\/archive.sana.sy\/es\/wp-content\/uploads\/2023\/02\/photo_2023-02-15_15-19-14-768x508.jpg 768w, https:\/\/archive.sana.sy\/es\/wp-content\/uploads\/2023\/02\/photo_2023-02-15_15-19-14-310x205.jpg 310w, https:\/\/archive.sana.sy\/es\/wp-content\/uploads\/2023\/02\/photo_2023-02-15_15-19-14.jpg 1280w\" sizes=\"(max-width: 309px) 100vw, 309px\" \/>Consider\u00f3 que los pa\u00edses del mundo deben tratar esta adversidad de acuerdo con los principios humanitarios y hacer llegar la ayuda y los materiales de socorro necesarios a todas las zonas afectadas sin discriminaci\u00f3n, y no politizar la situaci\u00f3n humanitaria de los sirios.<\/p>\n<p style=\"text-align: justify;\">Por su parte, el presidente al-Assad expres\u00f3 el aprecio de Siria a la posici\u00f3n oficial y popular de la hermana Jordania, e indic\u00f3 que el pueblo sirio acoge bien cualquier postura positiva, especialmente de los hermanos \u00e1rabes.<\/p>\n<p style=\"text-align: justify;\">El mandatario destac\u00f3 la importancia de la cooperaci\u00f3n bilateral entre los dos pa\u00edses porque la dimensi\u00f3n geogr\u00e1fica y popular que comparten hace que los dos pueblos vivan desaf\u00edos y circunstancias similares en muchos niveles. \u201cEsto ofrece oportunidades para la acci\u00f3n conjunta en muchos \u00e1reas que benefician a los dos pueblos hermanos\u201d, aclar\u00f3.<\/p>\n<p style=\"text-align: justify;\">fm\/ed<\/p>\n","protected":false},"excerpt":{"rendered":"<p>\u201cSeguiremos cumpliendo las instrucciones de Su Majestad el Rey de brindar todo lo posible para ayudar a Siria y al pueblo sirio a superar este calvario y apoyar los esfuerzos del gobierno sirio en ayudar a los afectados\u201d, dijo Safadi. Damasco, 15 feb (SANA)\u00a0 \u00a0El presidente Bashar al-Assad, recibi\u00f3 hoy a Ayman Safadi, el viceprimer &hellip;<\/p>\n","protected":false},"author":32,"featured_media":287410,"comment_status":"closed","ping_status":"closed","sticky":false,"template":"","format":"standard","meta":{"footnotes":""},"categories":[597,476,16237,583,626],"tags":[20549,8781],"class_list":["post-287409","post","type-post","status-publish","format-standard","has-post-thumbnail","","category-cinta-de-noticias","category-locales","category-presidence-de-la-republique-arabe-syria","category-slide","category-sr-presidente","tag-al-assad","tag-jordania"],"_links":{"self":[{"href":"https:\/\/archive.sana.sy\/es\/index.php?rest_route=\/wp\/v2\/posts\/287409"}],"collection":[{"href":"https:\/\/archive.sana.sy\/es\/index.php?rest_route=\/wp\/v2\/posts"}],"about":[{"href":"https:\/\/archive.sana.sy\/es\/index.php?rest_route=\/wp\/v2\/types\/post"}],"author":[{"embeddable":true,"href":"https:\/\/archive.sana.sy\/es\/index.php?rest_route=\/wp\/v2\/users\/32"}],"replies":[{"embeddable":true,"href":"https:\/\/archive.sana.sy\/es\/index.php?rest_route=%2Fwp%2Fv2%2Fcomments&post=287409"}],"version-history":[{"count":0,"href":"https:\/\/archive.sana.sy\/es\/index.php?rest_route=\/wp\/v2\/posts\/287409\/revisions"}],"wp:featuredmedia":[{"embeddable":true,"href":"https:\/\/archive.sana.sy\/es\/index.php?rest_route=\/wp\/v2\/media\/287410"}],"wp:attachment":[{"href":"https:\/\/archive.sana.sy\/es\/index.php?rest_route=%2Fwp%2Fv2%2Fmedia&parent=287409"}],"wp:term":[{"taxonomy":"category","embeddable":true,"href":"https:\/\/archive.sana.sy\/es\/index.php?rest_route=%2Fwp%2Fv2%2Fcategories&post=287409"},{"taxonomy":"post_tag","embeddable":true,"href":"https:\/\/archive.sana.sy\/es\/index.php?rest_route=%2Fwp%2Fv2%2Ftags&post=287409"}],"curies":[{"name":"wp","href":"https:\/\/api.w.org\/{rel}","templated":true}]}}