{"id":287415,"date":"2023-02-15T16:22:29","date_gmt":"2023-02-15T13:22:29","guid":{"rendered":"https:\/\/sana.sy\/es\/?p=287415"},"modified":"2023-02-15T16:22:29","modified_gmt":"2023-02-15T13:22:29","slug":"bielorrusia-anfitrion-para-realizar-tres-ejercicios-militares","status":"publish","type":"post","link":"https:\/\/archive.sana.sy\/es\/?p=287415","title":{"rendered":"Bielorrusia, anfitri\u00f3n para realizar tres ejercicios militares"},"content":{"rendered":"<blockquote>\n<p style=\"text-align: justify;\"><strong>&#8220;Si alguien piensa que el conflicto entre Rusia y Ucrania no es nuestro conflicto, que nos vamos a sentar tranquilos, digo que no, eso no suceder\u00e1&#8221;, afirm\u00f3 Lukashenko citado por TASS.<\/strong><\/p>\n<\/blockquote>\n<p style=\"text-align: justify;\"><span style=\"color: #800000;\"><strong>Minsk, 15 feb (SANA)<\/strong><\/span>\u00a0 \u00a0Bielorrusia, un aliado clave de Rusia, ser\u00e1 el pa\u00eds anfitri\u00f3n para realizar tres ejercicios militares de la Organizaci\u00f3n del Tratado de Seguridad Colectiva (OTSC) durante este a\u00f1o, inform\u00f3 hoy la cadena RT citando al jefe de la alianza de defensa regional.<\/p>\n<p style=\"text-align: justify;\">Los planes para estas maniobras conjuntas de la OTSC, formada por Armenia, Bielorrusia, Kazajist\u00e1n, Kirguist\u00e1n, Rusia y Tayikist\u00e1n, fueron anunciados por su secretario general, Imangal\u00ed Tasmagamb\u00e9tov, durante una visita a Minsk.<\/p>\n<p style=\"text-align: justify;\">A su vez, el presidente de Bielorrusia, Alex\u00e1nder Lukashenko, enfatiz\u00f3 la necesidad de que los seis Estados miembros impulsaran su cooperaci\u00f3n por lo que est\u00e1 &#8220;sucediendo alrededor&#8221; de sus fronteras.<\/p>\n<p style=\"text-align: justify;\">&#8220;Si alguien piensa que el conflicto entre Rusia y Ucrania no es nuestro conflicto, que nos vamos a sentar tranquilos, digo que no, eso no suceder\u00e1&#8221;, afirm\u00f3 Lukashenko citado por TASS.<\/p>\n<p style=\"text-align: justify;\">fm\/ed<\/p>\n","protected":false},"excerpt":{"rendered":"<p>&#8220;Si alguien piensa que el conflicto entre Rusia y Ucrania no es nuestro conflicto, que nos vamos a sentar tranquilos, digo que no, eso no suceder\u00e1&#8221;, afirm\u00f3 Lukashenko citado por TASS. Minsk, 15 feb (SANA)\u00a0 \u00a0Bielorrusia, un aliado clave de Rusia, ser\u00e1 el pa\u00eds anfitri\u00f3n para realizar tres ejercicios militares de la Organizaci\u00f3n del Tratado &hellip;<\/p>\n","protected":false},"author":32,"featured_media":287416,"comment_status":"closed","ping_status":"closed","sticky":false,"template":"","format":"standard","meta":{"footnotes":""},"categories":[597,456,16687,7541],"tags":[],"class_list":["post-287415","post","type-post","status-publish","format-standard","has-post-thumbnail","","category-cinta-de-noticias","category-arabe-internacional-politica","category-internacionales","category-ultimas-noticias"],"_links":{"self":[{"href":"https:\/\/archive.sana.sy\/es\/index.php?rest_route=\/wp\/v2\/posts\/287415"}],"collection":[{"href":"https:\/\/archive.sana.sy\/es\/index.php?rest_route=\/wp\/v2\/posts"}],"about":[{"href":"https:\/\/archive.sana.sy\/es\/index.php?rest_route=\/wp\/v2\/types\/post"}],"author":[{"embeddable":true,"href":"https:\/\/archive.sana.sy\/es\/index.php?rest_route=\/wp\/v2\/users\/32"}],"replies":[{"embeddable":true,"href":"https:\/\/archive.sana.sy\/es\/index.php?rest_route=%2Fwp%2Fv2%2Fcomments&post=287415"}],"version-history":[{"count":0,"href":"https:\/\/archive.sana.sy\/es\/index.php?rest_route=\/wp\/v2\/posts\/287415\/revisions"}],"wp:featuredmedia":[{"embeddable":true,"href":"https:\/\/archive.sana.sy\/es\/index.php?rest_route=\/wp\/v2\/media\/287416"}],"wp:attachment":[{"href":"https:\/\/archive.sana.sy\/es\/index.php?rest_route=%2Fwp%2Fv2%2Fmedia&parent=287415"}],"wp:term":[{"taxonomy":"category","embeddable":true,"href":"https:\/\/archive.sana.sy\/es\/index.php?rest_route=%2Fwp%2Fv2%2Fcategories&post=287415"},{"taxonomy":"post_tag","embeddable":true,"href":"https:\/\/archive.sana.sy\/es\/index.php?rest_route=%2Fwp%2Fv2%2Ftags&post=287415"}],"curies":[{"name":"wp","href":"https:\/\/api.w.org\/{rel}","templated":true}]}}