{"id":287466,"date":"2023-02-15T21:01:46","date_gmt":"2023-02-15T18:01:46","guid":{"rendered":"https:\/\/sana.sy\/es\/?p=287466"},"modified":"2023-02-15T21:03:42","modified_gmt":"2023-02-15T18:03:42","slug":"iran-envio-cuatro-camiones-cargados-con-medicamentos-y-ayuda-humanitaria-a-siria","status":"publish","type":"post","link":"https:\/\/archive.sana.sy\/es\/?p=287466","title":{"rendered":"Ir\u00e1n envi\u00f3 cuatro camiones cargados de medicamentos y ayuda humanitaria a Siria"},"content":{"rendered":"<p style=\"text-align: justify\"><span style=\"color: #800000\"><strong>Teher\u00e1n, 15 feb (SANA)<\/strong> <\/span>En coordinaci\u00f3n con la Organizaci\u00f3n de la Media Luna Roja y activistas econ\u00f3micos de los Comit\u00e9s de Movilizaci\u00f3n Popular (Basij), y la Embajada de Siria en Teher\u00e1n, Ir\u00e1n envi\u00f3 hoy, cuatro camiones de ayuda humanitaria a los afectados por el terremoto en Siria, las cuales incluyeron medicamentos, alimentos, leche de f\u00f3rmula , cobijas, entre otros\u2026<\/p>\n<p style=\"text-align: justify\">En declaraciones a SANA, Ghulam Reda Hasanpour, jefe de la Organizaci\u00f3n de Movilizaci\u00f3n Popular (Basij) destac\u00f3 que \u201clas sanciones coercitivas impuestas por Estados Unidos han causado en los \u00faltimos a\u00f1os una serie de crisis en Siria, especialmente la escasez de f\u00e1rmacos, que el pueblo sirio necesita m\u00e1s despu\u00e9s del desastre del terremoto\u201d.<\/p>\n<p style=\"text-align: justify\">&#8220;Ma\u00f1ana otro convoy con ayuda similar ser\u00e1 enviada de Ir\u00e1n al pueblo sirio&#8221;, inform\u00f3.<\/p>\n<p style=\"text-align: justify\">Hasanpour exigi\u00f3 el levantamiento de las injustas medidas unilaterales a Siria y el respeto a la soberan\u00eda e independencia del pa\u00eds amigo, as\u00ed como pidi\u00f3 a la comunidad internacional que brinde pleno apoyo al pueblo sirio sin discriminaci\u00f3n alguna.<\/p>\n<div id='gallery-1' class='gallery galleryid-287466 gallery-columns-1 gallery-size-full'><figure class='gallery-item'>\n\t\t\t<div class='gallery-icon landscape'>\n\t\t\t\t<a href='https:\/\/archive.sana.sy\/es\/wp-content\/uploads\/2023\/02\/camiones-iranies-1.jpg'><img loading=\"lazy\" decoding=\"async\" width=\"660\" height=\"337\" src=\"https:\/\/archive.sana.sy\/es\/wp-content\/uploads\/2023\/02\/camiones-iranies-1.jpg\" class=\"attachment-full size-full\" alt=\"\" srcset=\"https:\/\/archive.sana.sy\/es\/wp-content\/uploads\/2023\/02\/camiones-iranies-1.jpg 660w, https:\/\/archive.sana.sy\/es\/wp-content\/uploads\/2023\/02\/camiones-iranies-1-300x153.jpg 300w, https:\/\/archive.sana.sy\/es\/wp-content\/uploads\/2023\/02\/camiones-iranies-1-150x77.jpg 150w\" sizes=\"(max-width: 660px) 100vw, 660px\" \/><\/a>\n\t\t\t<\/div><\/figure><figure class='gallery-item'>\n\t\t\t<div class='gallery-icon landscape'>\n\t\t\t\t<a href='https:\/\/archive.sana.sy\/es\/wp-content\/uploads\/2023\/02\/camiones-iranies.jpg'><img loading=\"lazy\" decoding=\"async\" width=\"660\" height=\"342\" src=\"https:\/\/archive.sana.sy\/es\/wp-content\/uploads\/2023\/02\/camiones-iranies.jpg\" class=\"attachment-full size-full\" alt=\"\" srcset=\"https:\/\/archive.sana.sy\/es\/wp-content\/uploads\/2023\/02\/camiones-iranies.jpg 660w, https:\/\/archive.sana.sy\/es\/wp-content\/uploads\/2023\/02\/camiones-iranies-300x155.jpg 300w, https:\/\/archive.sana.sy\/es\/wp-content\/uploads\/2023\/02\/camiones-iranies-150x78.jpg 150w\" sizes=\"(max-width: 660px) 100vw, 660px\" \/><\/a>\n\t\t\t<\/div><\/figure>\n\t\t<\/div>\n\n<p style=\"text-align: justify\">la<\/p>\n","protected":false},"excerpt":{"rendered":"<p>Teher\u00e1n, 15 feb (SANA) En coordinaci\u00f3n con la Organizaci\u00f3n de la Media Luna Roja y activistas econ\u00f3micos de los Comit\u00e9s de Movilizaci\u00f3n Popular (Basij), y la Embajada de Siria en Teher\u00e1n, Ir\u00e1n envi\u00f3 hoy, cuatro camiones de ayuda humanitaria a los afectados por el terremoto en Siria, las cuales incluyeron medicamentos, alimentos, leche de f\u00f3rmula &hellip;<\/p>\n","protected":false},"author":24,"featured_media":287467,"comment_status":"closed","ping_status":"closed","sticky":false,"template":"","format":"standard","meta":{"footnotes":""},"categories":[447,597,20724,448,467,7541],"tags":[],"class_list":["post-287466","post","type-post","status-publish","format-standard","has-post-thumbnail","","category-local-politica","category-cinta-de-noticias","category-minuto-a-minuto","category-noticias","category-siria-y-el-mundo","category-ultimas-noticias"],"_links":{"self":[{"href":"https:\/\/archive.sana.sy\/es\/index.php?rest_route=\/wp\/v2\/posts\/287466"}],"collection":[{"href":"https:\/\/archive.sana.sy\/es\/index.php?rest_route=\/wp\/v2\/posts"}],"about":[{"href":"https:\/\/archive.sana.sy\/es\/index.php?rest_route=\/wp\/v2\/types\/post"}],"author":[{"embeddable":true,"href":"https:\/\/archive.sana.sy\/es\/index.php?rest_route=\/wp\/v2\/users\/24"}],"replies":[{"embeddable":true,"href":"https:\/\/archive.sana.sy\/es\/index.php?rest_route=%2Fwp%2Fv2%2Fcomments&post=287466"}],"version-history":[{"count":0,"href":"https:\/\/archive.sana.sy\/es\/index.php?rest_route=\/wp\/v2\/posts\/287466\/revisions"}],"wp:featuredmedia":[{"embeddable":true,"href":"https:\/\/archive.sana.sy\/es\/index.php?rest_route=\/wp\/v2\/media\/287467"}],"wp:attachment":[{"href":"https:\/\/archive.sana.sy\/es\/index.php?rest_route=%2Fwp%2Fv2%2Fmedia&parent=287466"}],"wp:term":[{"taxonomy":"category","embeddable":true,"href":"https:\/\/archive.sana.sy\/es\/index.php?rest_route=%2Fwp%2Fv2%2Fcategories&post=287466"},{"taxonomy":"post_tag","embeddable":true,"href":"https:\/\/archive.sana.sy\/es\/index.php?rest_route=%2Fwp%2Fv2%2Ftags&post=287466"}],"curies":[{"name":"wp","href":"https:\/\/api.w.org\/{rel}","templated":true}]}}