{"id":287480,"date":"2023-02-15T22:27:29","date_gmt":"2023-02-15T19:27:29","guid":{"rendered":"https:\/\/sana.sy\/es\/?p=287480"},"modified":"2023-02-16T05:54:44","modified_gmt":"2023-02-16T02:54:44","slug":"secretario-general-de-la-onu-ofrece-condolencias-y-respaldo-a-siria-tras-el-terremoto","status":"publish","type":"post","link":"https:\/\/archive.sana.sy\/es\/?p=287480","title":{"rendered":"Secretario General de la ONU ofrece condolencias y respaldo a Siria tras el terremoto"},"content":{"rendered":"<p style=\"text-align: justify;\"><span style=\"color: #800000;\"><strong>Damasco, 15 feb (SANA)<\/strong><\/span> El secretario general de la Organizaci\u00f3n de las Naciones Unidas (ONU), Ant\u00f3nio Guterres, ofreci\u00f3 este mi\u00e9rcoles sus condolencias a Siria y a las familias de las v\u00edctimas del devastador terremoto que sacudi\u00f3 la regi\u00f3n el pasado 6 de febrero.<\/p>\n<p style=\"text-align: justify;\">Guterres, durante una llamada telef\u00f3nica con el canciller sirio, Faisal al-Mekdad, dio la bienvenida a la decisi\u00f3n del gobierno sirio relacionada con la entrega de la ayuda de la ONU a trav\u00e9s de dos cruces fronterizos con Turqu\u00eda, a la gobernaci\u00f3n de Idlib por un per\u00edodo de 3 meses.<\/p>\n<p style=\"text-align: justify;\">\u201cLa Organizaci\u00f3n Internacional de las Naciones Unidas har\u00e1 todo lo posible para suministrar ayuda a todas las \u00e1reas afectadas en Siria\u201d, enfatiz\u00f3.<\/p>\n<p style=\"text-align: justify;\">Asimismo, inform\u00f3 al ministro al-Mekdad sobre los esfuerzos realizados en este sentido y el llamamiento que hizo para recaudar ayuda a Siria y movilizar los fondos necesarios para apoyar a los sirios afectados por el terremoto.<\/p>\n<p style=\"text-align: justify;\">A su vez, al-Mekdad expres\u00f3 su agradecimiento por los esfuerzos personales del secretario general de la ONU destinados a apoyar los esfuerzos del Estado sirio en su respuesta a las repercusiones del terremoto, y destac\u00f3 que el gobierno sirio est\u00e1 decidido a ayudar a todos los sirios afectados por el terremoto en todo el territorio sirio.<\/p>\n<p style=\"text-align: justify;\">Adem\u00e1s, se refiri\u00f3 a las medidas tomadas por el gobierno sirio para enfrentar las secuelas de esta cat\u00e1strofe humanitaria.<\/p>\n<p style=\"text-align: justify;\">\u201cEl terremoto tuvo repercusiones m\u00e1s devastadoras porque se produjo despu\u00e9s de doce a\u00f1os de la guerra terrorista y las actividades subversivas de los terroristas, y tambi\u00e9n tuvo lugar en medio de la obstrucci\u00f3n resultante de las medidas coercitivas unilaterales impuestas a Siria\u201d, manifest\u00f3.<\/p>\n<p style=\"text-align: justify;\">El titular sirio resalt\u00f3 la importancia del papel del secretario general de las Naciones Unidas en cuanto a transmitir estas dif\u00edciles condiciones humanitarias que enfrenta Siria, adem\u00e1s de exigir a los pa\u00edses occidentales a levantar las medidas coercitivas ilegales.<\/p>\n<p style=\"text-align: justify;\">Igualmente, las dos partes acordaron seguir en contacto y coordinaci\u00f3n para superar todos los obst\u00e1culos y continuar apoyando a los sirios afectados.<\/p>\n<p><em>mm<\/em><\/p>\n","protected":false},"excerpt":{"rendered":"<p>Damasco, 15 feb (SANA) El secretario general de la Organizaci\u00f3n de las Naciones Unidas (ONU), Ant\u00f3nio Guterres, ofreci\u00f3 este mi\u00e9rcoles sus condolencias a Siria y a las familias de las v\u00edctimas del devastador terremoto que sacudi\u00f3 la regi\u00f3n el pasado 6 de febrero. Guterres, durante una llamada telef\u00f3nica con el canciller sirio, Faisal al-Mekdad, dio &hellip;<\/p>\n","protected":false},"author":36,"featured_media":287481,"comment_status":"closed","ping_status":"closed","sticky":false,"template":"","format":"standard","meta":{"footnotes":""},"categories":[597,20724,467,7541],"tags":[],"class_list":["post-287480","post","type-post","status-publish","format-standard","has-post-thumbnail","","category-cinta-de-noticias","category-minuto-a-minuto","category-siria-y-el-mundo","category-ultimas-noticias"],"_links":{"self":[{"href":"https:\/\/archive.sana.sy\/es\/index.php?rest_route=\/wp\/v2\/posts\/287480"}],"collection":[{"href":"https:\/\/archive.sana.sy\/es\/index.php?rest_route=\/wp\/v2\/posts"}],"about":[{"href":"https:\/\/archive.sana.sy\/es\/index.php?rest_route=\/wp\/v2\/types\/post"}],"author":[{"embeddable":true,"href":"https:\/\/archive.sana.sy\/es\/index.php?rest_route=\/wp\/v2\/users\/36"}],"replies":[{"embeddable":true,"href":"https:\/\/archive.sana.sy\/es\/index.php?rest_route=%2Fwp%2Fv2%2Fcomments&post=287480"}],"version-history":[{"count":0,"href":"https:\/\/archive.sana.sy\/es\/index.php?rest_route=\/wp\/v2\/posts\/287480\/revisions"}],"wp:featuredmedia":[{"embeddable":true,"href":"https:\/\/archive.sana.sy\/es\/index.php?rest_route=\/wp\/v2\/media\/287481"}],"wp:attachment":[{"href":"https:\/\/archive.sana.sy\/es\/index.php?rest_route=%2Fwp%2Fv2%2Fmedia&parent=287480"}],"wp:term":[{"taxonomy":"category","embeddable":true,"href":"https:\/\/archive.sana.sy\/es\/index.php?rest_route=%2Fwp%2Fv2%2Fcategories&post=287480"},{"taxonomy":"post_tag","embeddable":true,"href":"https:\/\/archive.sana.sy\/es\/index.php?rest_route=%2Fwp%2Fv2%2Ftags&post=287480"}],"curies":[{"name":"wp","href":"https:\/\/api.w.org\/{rel}","templated":true}]}}