{"id":287510,"date":"2023-02-16T12:39:17","date_gmt":"2023-02-16T09:39:17","guid":{"rendered":"http:\/\/107.6.182.27\/es\/?p=287510"},"modified":"2023-02-16T12:39:17","modified_gmt":"2023-02-16T09:39:17","slug":"canciller-sirio-recibe-a-la-directora-regional-del-fondo-de-poblacion-de-las-naciones-unidas","status":"publish","type":"post","link":"https:\/\/archive.sana.sy\/es\/?p=287510","title":{"rendered":"Canciller sirio recibe a la Directora Regional del Fondo de Poblaci\u00f3n de las Naciones Unidas"},"content":{"rendered":"<p style=\"text-align: justify;\"><span style=\"color: #800000;\"><strong>Damasco, 16 feb (SANA)<\/strong> <\/span>El ministro de Asuntos Exteriores y Expatriados, Faisal Al-Mekdad, se reuni\u00f3 hoy en la sede de la Canciller\u00eda en Damasco, con Laila Bakr, la directora regional del Fondo de Poblaci\u00f3n de las Naciones Unidas para los Estados \u00c1rabes.<\/p>\n<p style=\"text-align: justify;\">\n<p style=\"text-align: justify;\"><strong>Nota en desarrollo\u2026<\/strong><\/p>\n<p style=\"text-align: justify;\">fm\/as<\/p>\n","protected":false},"excerpt":{"rendered":"<p>Damasco, 16 feb (SANA) El ministro de Asuntos Exteriores y Expatriados, Faisal Al-Mekdad, se reuni\u00f3 hoy en la sede de la Canciller\u00eda en Damasco, con Laila Bakr, la directora regional del Fondo de Poblaci\u00f3n de las Naciones Unidas para los Estados \u00c1rabes. Nota en desarrollo\u2026 fm\/as<\/p>\n","protected":false},"author":42,"featured_media":287511,"comment_status":"closed","ping_status":"closed","sticky":false,"template":"","format":"standard","meta":{"footnotes":""},"categories":[477,597,20724,7541],"tags":[],"class_list":["post-287510","post","type-post","status-publish","format-standard","has-post-thumbnail","","category-noticias-edulcorantes","category-cinta-de-noticias","category-minuto-a-minuto","category-ultimas-noticias"],"_links":{"self":[{"href":"https:\/\/archive.sana.sy\/es\/index.php?rest_route=\/wp\/v2\/posts\/287510"}],"collection":[{"href":"https:\/\/archive.sana.sy\/es\/index.php?rest_route=\/wp\/v2\/posts"}],"about":[{"href":"https:\/\/archive.sana.sy\/es\/index.php?rest_route=\/wp\/v2\/types\/post"}],"author":[{"embeddable":true,"href":"https:\/\/archive.sana.sy\/es\/index.php?rest_route=\/wp\/v2\/users\/42"}],"replies":[{"embeddable":true,"href":"https:\/\/archive.sana.sy\/es\/index.php?rest_route=%2Fwp%2Fv2%2Fcomments&post=287510"}],"version-history":[{"count":0,"href":"https:\/\/archive.sana.sy\/es\/index.php?rest_route=\/wp\/v2\/posts\/287510\/revisions"}],"wp:featuredmedia":[{"embeddable":true,"href":"https:\/\/archive.sana.sy\/es\/index.php?rest_route=\/wp\/v2\/media\/287511"}],"wp:attachment":[{"href":"https:\/\/archive.sana.sy\/es\/index.php?rest_route=%2Fwp%2Fv2%2Fmedia&parent=287510"}],"wp:term":[{"taxonomy":"category","embeddable":true,"href":"https:\/\/archive.sana.sy\/es\/index.php?rest_route=%2Fwp%2Fv2%2Fcategories&post=287510"},{"taxonomy":"post_tag","embeddable":true,"href":"https:\/\/archive.sana.sy\/es\/index.php?rest_route=%2Fwp%2Fv2%2Ftags&post=287510"}],"curies":[{"name":"wp","href":"https:\/\/api.w.org\/{rel}","templated":true}]}}