{"id":287520,"date":"2023-02-16T13:16:11","date_gmt":"2023-02-16T10:16:11","guid":{"rendered":"https:\/\/sana.sy\/es\/?p=287520"},"modified":"2023-02-16T13:16:11","modified_gmt":"2023-02-16T10:16:11","slug":"pekin-como-explica-ee-uu-el-vuelo-de-sus-globos-por-china","status":"publish","type":"post","link":"https:\/\/archive.sana.sy\/es\/?p=287520","title":{"rendered":"Pek\u00edn: \u00bfC\u00f3mo explica EE.UU. el vuelo de sus globos por China?"},"content":{"rendered":"<blockquote>\n<p style=\"text-align: justify;\"><strong>EE.UU. a partir de mayo pasado ha lanzado desde su territorio un gran n\u00famero de globos a gran altura y estos han dado la vuelta al mundo en forma continua, sostuvo Wang. M\u00e1s de diez veces han volado sobre China sin la aprobaci\u00f3n de las autoridades, incluyendo la regi\u00f3n aut\u00f3noma de Xinjiang y el T\u00edbet.<\/strong><\/p>\n<\/blockquote>\n<p style=\"text-align: justify;\"><span style=\"color: #800000;\"><strong>Pek\u00edn, 16 feb (SANA)\u00a0<\/strong><\/span> El vicedirector del servicio de informaci\u00f3n de la Canciller\u00eda china, Wang Wenbin, coment\u00f3 hoy que Estados Unidos calific\u00f3 el ingreso no intencional en su espacio a\u00e9reo de una aeronave no tripulada china como una violaci\u00f3n a su soberan\u00eda.<\/p>\n<p style=\"text-align: justify;\">&#8220;Entonces, \u00bfc\u00f3mo Washington explica el vuelo ilegal de sus globos por el espacio a\u00e9reo de China?&#8221;, se pregunt\u00f3 en rueda de prensa citado por RT.<\/p>\n<p style=\"text-align: justify;\">El derribo del globo &#8220;ha tenido un grave impacto en los esfuerzos y progresos realizados por China y EE.UU. para estabilizar las relaciones bilaterales desde la reuni\u00f3n de sus l\u00edderes en Bali&#8221;, se\u00f1al\u00f3 el vocero.<\/p>\n<p style=\"text-align: justify;\">Por su parte, EE.UU. a partir de mayo pasado ha lanzado desde su territorio un gran n\u00famero de globos a gran altura y estos han dado la vuelta al mundo en forma continua, sostuvo Wang. M\u00e1s de diez veces han volado sobre China sin la aprobaci\u00f3n de las autoridades, incluyendo la regi\u00f3n aut\u00f3noma de Xinjiang y el T\u00edbet.<\/p>\n<p style=\"text-align: justify;\">fm\/ed<\/p>\n","protected":false},"excerpt":{"rendered":"<p>EE.UU. a partir de mayo pasado ha lanzado desde su territorio un gran n\u00famero de globos a gran altura y estos han dado la vuelta al mundo en forma continua, sostuvo Wang. M\u00e1s de diez veces han volado sobre China sin la aprobaci\u00f3n de las autoridades, incluyendo la regi\u00f3n aut\u00f3noma de Xinjiang y el T\u00edbet. &hellip;<\/p>\n","protected":false},"author":32,"featured_media":287521,"comment_status":"closed","ping_status":"closed","sticky":false,"template":"","format":"standard","meta":{"footnotes":""},"categories":[597,456,16687,7541],"tags":[],"class_list":["post-287520","post","type-post","status-publish","format-standard","has-post-thumbnail","","category-cinta-de-noticias","category-arabe-internacional-politica","category-internacionales","category-ultimas-noticias"],"_links":{"self":[{"href":"https:\/\/archive.sana.sy\/es\/index.php?rest_route=\/wp\/v2\/posts\/287520"}],"collection":[{"href":"https:\/\/archive.sana.sy\/es\/index.php?rest_route=\/wp\/v2\/posts"}],"about":[{"href":"https:\/\/archive.sana.sy\/es\/index.php?rest_route=\/wp\/v2\/types\/post"}],"author":[{"embeddable":true,"href":"https:\/\/archive.sana.sy\/es\/index.php?rest_route=\/wp\/v2\/users\/32"}],"replies":[{"embeddable":true,"href":"https:\/\/archive.sana.sy\/es\/index.php?rest_route=%2Fwp%2Fv2%2Fcomments&post=287520"}],"version-history":[{"count":0,"href":"https:\/\/archive.sana.sy\/es\/index.php?rest_route=\/wp\/v2\/posts\/287520\/revisions"}],"wp:featuredmedia":[{"embeddable":true,"href":"https:\/\/archive.sana.sy\/es\/index.php?rest_route=\/wp\/v2\/media\/287521"}],"wp:attachment":[{"href":"https:\/\/archive.sana.sy\/es\/index.php?rest_route=%2Fwp%2Fv2%2Fmedia&parent=287520"}],"wp:term":[{"taxonomy":"category","embeddable":true,"href":"https:\/\/archive.sana.sy\/es\/index.php?rest_route=%2Fwp%2Fv2%2Fcategories&post=287520"},{"taxonomy":"post_tag","embeddable":true,"href":"https:\/\/archive.sana.sy\/es\/index.php?rest_route=%2Fwp%2Fv2%2Ftags&post=287520"}],"curies":[{"name":"wp","href":"https:\/\/api.w.org\/{rel}","templated":true}]}}