{"id":287539,"date":"2023-02-16T16:10:31","date_gmt":"2023-02-16T13:10:31","guid":{"rendered":"https:\/\/sana.sy\/es\/?p=287539"},"modified":"2023-02-16T16:10:31","modified_gmt":"2023-02-16T13:10:31","slug":"irak-envia-a-siria-un-convoy-de-160-camiones-cargados-de-ayuda","status":"publish","type":"post","link":"https:\/\/archive.sana.sy\/es\/?p=287539","title":{"rendered":"Irak env\u00eda a Siria un convoy de 160 camiones cargados de ayuda"},"content":{"rendered":"<p style=\"text-align: justify;\">\u00a0Bagdad, 16 feb (SANA)\u00a0 \u00a0El comandante de operaciones de las Fuerzas de Movilizaci\u00f3n Popular Iraqu\u00edes en Anbar, Qassem Musleh, anunci\u00f3 este jueves que 160 camiones y veh\u00edculos de socorro iraqu\u00edes entraron en territorio sirio a trav\u00e9s del cruce fronterizo de al-Qaim.<\/p>\n<p style=\"text-align: justify;\">&#8220;El primer convoy est\u00e1 conformado de 120 camiones cargados de materiales de socorro, alimentos y para los afectados por el terremoto en las provincias de Alepo y Latakia\u201d, dijo Musleh a SANA.<\/p>\n<p style=\"text-align: justify;\">Agreg\u00f3 que un segundo convoy de 40 camiones del Ministerio de Defensa y del gobierno iraqu\u00ed entr\u00f3 por el mismo cruce fronterizo y se dirigi\u00f3 a la gobernaci\u00f3n de Latakia.<\/p>\n<p style=\"text-align: justify;\">ed\/fm<\/p>\n","protected":false},"excerpt":{"rendered":"<p>\u00a0Bagdad, 16 feb (SANA)\u00a0 \u00a0El comandante de operaciones de las Fuerzas de Movilizaci\u00f3n Popular Iraqu\u00edes en Anbar, Qassem Musleh, anunci\u00f3 este jueves que 160 camiones y veh\u00edculos de socorro iraqu\u00edes entraron en territorio sirio a trav\u00e9s del cruce fronterizo de al-Qaim. &#8220;El primer convoy est\u00e1 conformado de 120 camiones cargados de materiales de socorro, alimentos &hellip;<\/p>\n","protected":false},"author":32,"featured_media":287540,"comment_status":"closed","ping_status":"closed","sticky":false,"template":"","format":"standard","meta":{"footnotes":""},"categories":[597,467,583],"tags":[],"class_list":["post-287539","post","type-post","status-publish","format-standard","has-post-thumbnail","","category-cinta-de-noticias","category-siria-y-el-mundo","category-slide"],"_links":{"self":[{"href":"https:\/\/archive.sana.sy\/es\/index.php?rest_route=\/wp\/v2\/posts\/287539"}],"collection":[{"href":"https:\/\/archive.sana.sy\/es\/index.php?rest_route=\/wp\/v2\/posts"}],"about":[{"href":"https:\/\/archive.sana.sy\/es\/index.php?rest_route=\/wp\/v2\/types\/post"}],"author":[{"embeddable":true,"href":"https:\/\/archive.sana.sy\/es\/index.php?rest_route=\/wp\/v2\/users\/32"}],"replies":[{"embeddable":true,"href":"https:\/\/archive.sana.sy\/es\/index.php?rest_route=%2Fwp%2Fv2%2Fcomments&post=287539"}],"version-history":[{"count":0,"href":"https:\/\/archive.sana.sy\/es\/index.php?rest_route=\/wp\/v2\/posts\/287539\/revisions"}],"wp:featuredmedia":[{"embeddable":true,"href":"https:\/\/archive.sana.sy\/es\/index.php?rest_route=\/wp\/v2\/media\/287540"}],"wp:attachment":[{"href":"https:\/\/archive.sana.sy\/es\/index.php?rest_route=%2Fwp%2Fv2%2Fmedia&parent=287539"}],"wp:term":[{"taxonomy":"category","embeddable":true,"href":"https:\/\/archive.sana.sy\/es\/index.php?rest_route=%2Fwp%2Fv2%2Fcategories&post=287539"},{"taxonomy":"post_tag","embeddable":true,"href":"https:\/\/archive.sana.sy\/es\/index.php?rest_route=%2Fwp%2Fv2%2Ftags&post=287539"}],"curies":[{"name":"wp","href":"https:\/\/api.w.org\/{rel}","templated":true}]}}