{"id":287616,"date":"2023-02-16T21:46:47","date_gmt":"2023-02-16T18:46:47","guid":{"rendered":"https:\/\/sana.sy\/es\/?p=287616"},"modified":"2023-02-16T22:08:33","modified_gmt":"2023-02-16T19:08:33","slug":"presidente-al-assad-pronuncia-un-discurso-televisado-sobre-secuelas-del-terremoto-que-azoto-siria","status":"publish","type":"post","link":"https:\/\/archive.sana.sy\/es\/?p=287616","title":{"rendered":"Presidente Al-Assad pronuncia un discurso televisado sobre secuelas del terremoto que azot\u00f3 Siria"},"content":{"rendered":"<p style=\"text-align: justify;\"><span style=\"color: #800000;\"><strong>Damasco, 16 feb (SANA)<\/strong><\/span> El presidente Bashar al-Assad, pronunci\u00f3 un discurso televisado en el que trat\u00f3 las secuelas del terremoto que azot\u00f3 Siria el d\u00eda seis del mes en curso.<\/p>\n<p style=\"text-align: justify;\">\u201cLa patria es el hogar y su protecci\u00f3n es un deber independientemente del tipo y magnitud del desaf\u00edo, e independientemente de que las capacidades si son muchas o pocas, y eso fue lo que se demostr\u00f3 desde los primeros momentos del terremoto\u201d, afirm\u00f3 el presidente.<\/p>\n<p style=\"text-align: justify;\">Destac\u00f3 el sentimiento profundo y comprensivo hacia la patria y el hogar Siria por parte de los miembros de la familia, sean individuos o instituciones, fue evidente en la acci\u00f3n de proteger, rescatar y ayudar a sus hermanos en su calvario en Alepo, Latakia y Hama, lo cual ha formado una escena nacional y humanitaria que se hab\u00eda repetido en m\u00faltiples coyunturas durante la guerra en Siria.<\/p>\n<p style=\"text-align: justify;\">Agreg\u00f3 que, si la guerra ha drenado y agotado muchos recursos nacionales y debilitado las capacidades para enfrentar m\u00e1s crisis, pues es esa misma guerra fue la que le dio a la sociedad siria la experiencia y la capacidad para moverse r\u00e1pida y efectivamente en las primeras horas del terremoto.<\/p>\n<p style=\"text-align: justify;\">Seg\u00fan el mandatario, la magnitud de este desastre y las tareas que asumimos todos son mucho mayores que las capacidades disponibles, pero lo que nuestra sociedad pudo hacer con sus individuos e instituciones tambi\u00e9n fue mucho mayor que las capacidades disponibles.<\/p>\n<p style=\"text-align: justify;\">Indic\u00f3 que las debilidades existentes fueron compensadas con la alta y r\u00e1pida respuesta de las instituciones gubernamentales, las entidades de la sociedad civil y las personas que se ofrecieron como voluntarios para la labor de rescate o donaron asistencia financiera, sean dentro o fuera de Siria, que intentaron por todos los medios romper el bloqueo para entregar cualquier ayuda posible para ayudar a sus hermanos afectados.<\/p>\n<p style=\"text-align: justify;\">\u201cCuando las sociedades atestiguan terremotos de todo tipo, ya sean geol\u00f3gicos, pol\u00edticos, militares, culturales, sociales u otros sismos violentos, perder\u00edan algo de su estabilidad, ya que sus controles institucionales y sociales se ven sacudidos, incluidas las leyes y regulaciones, conceptos, normas y \u00e9tica\u2026 Esto, a su vez, conduce a la aparici\u00f3n de fen\u00f3menos negativos que de antemano exist\u00edan, pero est\u00e1n latentes debido a estos controles\u201d, destac\u00f3 Al-Assad.<\/p>\n<p style=\"text-align: justify;\">De acuerdo con el Gobernante, el entusiasmo y \u00edmpetu para abordar tales manifestaciones que surgen en las crisis es necesario, siempre que se base en la sabidur\u00eda, la conciencia y los hechos, no en exageraciones o ilusiones, por lo que hay que buscar la verdad en lugar de difundir rumores.<\/p>\n<p style=\"text-align: justify;\">\u201cNo olvidaremos a aquellos que se movilizaron con gran entusiasmo y celos para defender la verdadera imagen de la sociedad siria en los diversos medios de comunicaci\u00f3n, quienes no permitieron que la imagen distorsionada, que algunos intentaron difundir, da\u00f1ara nuestra reputaci\u00f3n como sociedad, cuya moral, solidaridad y alteridad tienen un valor colectivo m\u00e1s alto que el individual\u201d, resalt\u00f3.<\/p>\n<p style=\"text-align: justify;\">En este sentido acentu\u00f3 que amar a una patria, servirla y defenderla por cualquier persona es un deber que no merece agradecimiento.<\/p>\n<p style=\"text-align: justify;\">El Presidente destac\u00f3 que Siria, en medio de su dolor y tristeza por las v\u00edctimas y su orgullo por sus compatriotas, no olvida agradecer a todos los pa\u00edses que estuvieron a su lado desde las primeras horas del desastre, sean hermanos o amigos.<\/p>\n<p style=\"text-align: justify;\">Tambi\u00e9n, se\u00f1al\u00f3 que lo m\u00e1s importante que se aprendi\u00f3 de esta dura experiencia, es que unidos podemos superar las dif\u00edciles circunstancias y con nuestras capacidades propias.<\/p>\n<p style=\"text-align: justify;\">\u201cFe en Dios, en la patria y en la voluntad, que capaz de hacer milagros. Siria seguir\u00e1 siendo digna con su gente, fuerte con su historia, rica con su dignidad, y capaz con su voluntad\u201d, concluy\u00f3.<\/p>\n<p style=\"text-align: justify;\"><em><strong>fm\/ah<\/strong><\/em><\/p>\n","protected":false},"excerpt":{"rendered":"<p>Damasco, 16 feb (SANA) El presidente Bashar al-Assad, pronunci\u00f3 un discurso televisado en el que trat\u00f3 las secuelas del terremoto que azot\u00f3 Siria el d\u00eda seis del mes en curso. \u201cLa patria es el hogar y su protecci\u00f3n es un deber independientemente del tipo y magnitud del desaf\u00edo, e independientemente de que las capacidades si &hellip;<\/p>\n","protected":false},"author":30,"featured_media":287619,"comment_status":"closed","ping_status":"closed","sticky":false,"template":"","format":"standard","meta":{"footnotes":""},"categories":[597,20724,16237,583,626],"tags":[],"class_list":["post-287616","post","type-post","status-publish","format-standard","has-post-thumbnail","","category-cinta-de-noticias","category-minuto-a-minuto","category-presidence-de-la-republique-arabe-syria","category-slide","category-sr-presidente"],"_links":{"self":[{"href":"https:\/\/archive.sana.sy\/es\/index.php?rest_route=\/wp\/v2\/posts\/287616"}],"collection":[{"href":"https:\/\/archive.sana.sy\/es\/index.php?rest_route=\/wp\/v2\/posts"}],"about":[{"href":"https:\/\/archive.sana.sy\/es\/index.php?rest_route=\/wp\/v2\/types\/post"}],"author":[{"embeddable":true,"href":"https:\/\/archive.sana.sy\/es\/index.php?rest_route=\/wp\/v2\/users\/30"}],"replies":[{"embeddable":true,"href":"https:\/\/archive.sana.sy\/es\/index.php?rest_route=%2Fwp%2Fv2%2Fcomments&post=287616"}],"version-history":[{"count":0,"href":"https:\/\/archive.sana.sy\/es\/index.php?rest_route=\/wp\/v2\/posts\/287616\/revisions"}],"wp:featuredmedia":[{"embeddable":true,"href":"https:\/\/archive.sana.sy\/es\/index.php?rest_route=\/wp\/v2\/media\/287619"}],"wp:attachment":[{"href":"https:\/\/archive.sana.sy\/es\/index.php?rest_route=%2Fwp%2Fv2%2Fmedia&parent=287616"}],"wp:term":[{"taxonomy":"category","embeddable":true,"href":"https:\/\/archive.sana.sy\/es\/index.php?rest_route=%2Fwp%2Fv2%2Fcategories&post=287616"},{"taxonomy":"post_tag","embeddable":true,"href":"https:\/\/archive.sana.sy\/es\/index.php?rest_route=%2Fwp%2Fv2%2Ftags&post=287616"}],"curies":[{"name":"wp","href":"https:\/\/api.w.org\/{rel}","templated":true}]}}