{"id":287620,"date":"2023-02-16T21:54:54","date_gmt":"2023-02-16T18:54:54","guid":{"rendered":"https:\/\/sana.sy\/es\/?p=287620"},"modified":"2023-02-16T21:54:54","modified_gmt":"2023-02-16T18:54:54","slug":"bielorrusia-instala-un-hospital-de-campana-en-alepo-para-ayudar-a-afectados-por-terremoto","status":"publish","type":"post","link":"https:\/\/archive.sana.sy\/es\/?p=287620","title":{"rendered":"Bielorrusia instala un hospital de campa\u00f1a en Alepo para ayudar a afectados por terremoto"},"content":{"rendered":"<p style=\"text-align: justify;\"><span style=\"color: #800000;\"><strong>Alepo, 16 feb (SANA)<\/strong><\/span> La unidad m\u00e9dica del principal centro m\u00e9dico militar de las Fuerzas Armadas de la Rep\u00fablica de Bielorrusia equip\u00f3 un hospital de campa\u00f1a con diversas especialidades.<\/p>\n<p style=\"text-align: justify;\">Las cl\u00ednicas fueron instaladas en al-Ismailia en la capital provincial de Alepo, para ayudar a los afectados por el terremoto.<\/p>\n<p style=\"text-align: justify;\">En una declaraci\u00f3n a SANA, el coronel Andrey Gorinovi\u0107, jefe del equipo m\u00e9dico para tareas especiales del ej\u00e9rcito bielorruso, explic\u00f3 que fueron preparados un departamento de recepci\u00f3n, una unidad de cuidados intensivos, un departamento de diagn\u00f3stico, quir\u00f3fanos y radiograf\u00edas en el referido hospital.<\/p>\n<p style=\"text-align: justify;\">\u201cEl hospital se pondr\u00e1 en servicio a partir de ma\u00f1ana, viernes 17 de febrero, gracias a las facilitaciones necesarias proporcionadas por el gobierno sirio, as\u00ed como la coordinaci\u00f3n con la alcald\u00eda de Alepo\u201d, indic\u00f3 Gorinovi\u0107.<\/p>\n<p style=\"text-align: justify;\">Dos aviones de ayuda humanitaria llegaron hace dos d\u00edas al aeropuerto internacional de Alepo desde Bielorrusia con un hospital de campa\u00f1a y suministros m\u00e9dicos a bordo, as\u00ed como m\u00e1s de 40 m\u00e9dicos de diversas especialidades para brindar asistencia a los afectados en la provincia.<\/p>\n<p style=\"text-align: justify;\"><em><strong>ah\/fm<\/strong><\/em><\/p>\n","protected":false},"excerpt":{"rendered":"<p>Alepo, 16 feb (SANA) La unidad m\u00e9dica del principal centro m\u00e9dico militar de las Fuerzas Armadas de la Rep\u00fablica de Bielorrusia equip\u00f3 un hospital de campa\u00f1a con diversas especialidades. Las cl\u00ednicas fueron instaladas en al-Ismailia en la capital provincial de Alepo, para ayudar a los afectados por el terremoto. En una declaraci\u00f3n a SANA, el &hellip;<\/p>\n","protected":false},"author":30,"featured_media":287621,"comment_status":"closed","ping_status":"closed","sticky":false,"template":"","format":"standard","meta":{"footnotes":""},"categories":[597,20724,467,7541],"tags":[],"class_list":["post-287620","post","type-post","status-publish","format-standard","has-post-thumbnail","","category-cinta-de-noticias","category-minuto-a-minuto","category-siria-y-el-mundo","category-ultimas-noticias"],"_links":{"self":[{"href":"https:\/\/archive.sana.sy\/es\/index.php?rest_route=\/wp\/v2\/posts\/287620"}],"collection":[{"href":"https:\/\/archive.sana.sy\/es\/index.php?rest_route=\/wp\/v2\/posts"}],"about":[{"href":"https:\/\/archive.sana.sy\/es\/index.php?rest_route=\/wp\/v2\/types\/post"}],"author":[{"embeddable":true,"href":"https:\/\/archive.sana.sy\/es\/index.php?rest_route=\/wp\/v2\/users\/30"}],"replies":[{"embeddable":true,"href":"https:\/\/archive.sana.sy\/es\/index.php?rest_route=%2Fwp%2Fv2%2Fcomments&post=287620"}],"version-history":[{"count":0,"href":"https:\/\/archive.sana.sy\/es\/index.php?rest_route=\/wp\/v2\/posts\/287620\/revisions"}],"wp:featuredmedia":[{"embeddable":true,"href":"https:\/\/archive.sana.sy\/es\/index.php?rest_route=\/wp\/v2\/media\/287621"}],"wp:attachment":[{"href":"https:\/\/archive.sana.sy\/es\/index.php?rest_route=%2Fwp%2Fv2%2Fmedia&parent=287620"}],"wp:term":[{"taxonomy":"category","embeddable":true,"href":"https:\/\/archive.sana.sy\/es\/index.php?rest_route=%2Fwp%2Fv2%2Fcategories&post=287620"},{"taxonomy":"post_tag","embeddable":true,"href":"https:\/\/archive.sana.sy\/es\/index.php?rest_route=%2Fwp%2Fv2%2Ftags&post=287620"}],"curies":[{"name":"wp","href":"https:\/\/api.w.org\/{rel}","templated":true}]}}