{"id":287628,"date":"2023-02-16T22:39:14","date_gmt":"2023-02-16T19:39:14","guid":{"rendered":"https:\/\/sana.sy\/es\/?p=287628"},"modified":"2023-02-16T22:39:14","modified_gmt":"2023-02-16T19:39:14","slug":"unesco-planea-enviar-una-mision-para-evaluar-danos-causados-por-terremoto-a-las-instituciones-educativas-y-culturales","status":"publish","type":"post","link":"https:\/\/archive.sana.sy\/es\/?p=287628","title":{"rendered":"UNESCO planea enviar una misi\u00f3n para evaluar da\u00f1os causados por terremoto a las instituciones educativas y culturales"},"content":{"rendered":"<p style=\"text-align: justify;\"><span style=\"color: #800000;\"><strong>Damasco, 16 feb (SANA)<\/strong> <\/span>La directora de la Oficina Regional de la UNESCO en Beirut, Costanza Farina, expres\u00f3 su solidaridad con Siria por el terremoto, y ofreci\u00f3 sus condolencias a las familias de las v\u00edctimas.<\/p>\n<p style=\"text-align: justify;\">En una carta dirigida al ministro de Educaci\u00f3n, Presidente de la Comisi\u00f3n Nacional Siria para la UNESCO, Darem Tabbaa, Farina indic\u00f3 que la UNESCO planea enviar una misi\u00f3n t\u00e9cnica para contribuir a la evaluaci\u00f3n de los da\u00f1os causados por el terremoto a las instituciones educativas y culturales.<\/p>\n<p style=\"text-align: justify;\">\u201cAsimismo la misi\u00f3n evaluar\u00e1 los sitios patrimoniales en la provincia de Alepo, especialmente el sitio del Patrimonio Mundial de la UNESCO en el Casco Antiguo, como parte del compromiso de la organizaci\u00f3n de apoyar la educaci\u00f3n y la preservaci\u00f3n del patrimonio cultural y educativo en el contexto humanitario actual\u201d, seg\u00fan reza el texto de la carta.<\/p>\n<p style=\"text-align: justify;\">Por su parte, el Ministro Tabbaa ensalz\u00f3 la visita de la misi\u00f3n a las zonas afectadas y de cat\u00e1strofe, debido al devastador terremoto que azot\u00f3 el pa\u00eds.<\/p>\n<p style=\"text-align: justify;\"><em><strong>ah<\/strong><\/em><\/p>\n","protected":false},"excerpt":{"rendered":"<p>Damasco, 16 feb (SANA) La directora de la Oficina Regional de la UNESCO en Beirut, Costanza Farina, expres\u00f3 su solidaridad con Siria por el terremoto, y ofreci\u00f3 sus condolencias a las familias de las v\u00edctimas. En una carta dirigida al ministro de Educaci\u00f3n, Presidente de la Comisi\u00f3n Nacional Siria para la UNESCO, Darem Tabbaa, Farina &hellip;<\/p>\n","protected":false},"author":30,"featured_media":287629,"comment_status":"closed","ping_status":"closed","sticky":false,"template":"","format":"standard","meta":{"footnotes":""},"categories":[597,20724,467,7541],"tags":[],"class_list":["post-287628","post","type-post","status-publish","format-standard","has-post-thumbnail","","category-cinta-de-noticias","category-minuto-a-minuto","category-siria-y-el-mundo","category-ultimas-noticias"],"_links":{"self":[{"href":"https:\/\/archive.sana.sy\/es\/index.php?rest_route=\/wp\/v2\/posts\/287628"}],"collection":[{"href":"https:\/\/archive.sana.sy\/es\/index.php?rest_route=\/wp\/v2\/posts"}],"about":[{"href":"https:\/\/archive.sana.sy\/es\/index.php?rest_route=\/wp\/v2\/types\/post"}],"author":[{"embeddable":true,"href":"https:\/\/archive.sana.sy\/es\/index.php?rest_route=\/wp\/v2\/users\/30"}],"replies":[{"embeddable":true,"href":"https:\/\/archive.sana.sy\/es\/index.php?rest_route=%2Fwp%2Fv2%2Fcomments&post=287628"}],"version-history":[{"count":0,"href":"https:\/\/archive.sana.sy\/es\/index.php?rest_route=\/wp\/v2\/posts\/287628\/revisions"}],"wp:featuredmedia":[{"embeddable":true,"href":"https:\/\/archive.sana.sy\/es\/index.php?rest_route=\/wp\/v2\/media\/287629"}],"wp:attachment":[{"href":"https:\/\/archive.sana.sy\/es\/index.php?rest_route=%2Fwp%2Fv2%2Fmedia&parent=287628"}],"wp:term":[{"taxonomy":"category","embeddable":true,"href":"https:\/\/archive.sana.sy\/es\/index.php?rest_route=%2Fwp%2Fv2%2Fcategories&post=287628"},{"taxonomy":"post_tag","embeddable":true,"href":"https:\/\/archive.sana.sy\/es\/index.php?rest_route=%2Fwp%2Fv2%2Ftags&post=287628"}],"curies":[{"name":"wp","href":"https:\/\/api.w.org\/{rel}","templated":true}]}}