{"id":287631,"date":"2023-02-16T23:13:00","date_gmt":"2023-02-16T20:13:00","guid":{"rendered":"https:\/\/sana.sy\/es\/?p=287631"},"modified":"2023-02-16T23:13:47","modified_gmt":"2023-02-16T20:13:47","slug":"101-militares-rusos-retornan-a-la-patria-como-resultado-de-negociaciones-con-regimen-de-kiev","status":"publish","type":"post","link":"https:\/\/archive.sana.sy\/es\/?p=287631","title":{"rendered":"101 militares rusos retornan a la patria como resultado de negociaciones con r\u00e9gimen de Kiev"},"content":{"rendered":"<p style=\"text-align: justify;\"><span style=\"color: #800000;\"><strong>Mosc\u00fa, 16 feb (SANA)<\/strong><\/span> Un total de 101 militares rusos regresaron de las c\u00e1rceles en Ucrania como resultado de negociaciones, inform\u00f3 el Ministerio de Defensa de Rusia citado por Sputnik.<\/p>\n<p style=\"text-align: justify;\">\u201cComo resultado del proceso de negociaci\u00f3n, 101 militares rusos que corr\u00edan peligro de muerte en cautiverio fueron devueltos hoy del territorio controlado por el r\u00e9gimen de Kiev&#8221;, comunic\u00f3 la cartera militar rusa.<\/p>\n<p style=\"text-align: justify;\">Seg\u00fan el comunicado, todos los liberados est\u00e1n recibiendo la asistencia m\u00e9dica y psicol\u00f3gica necesaria.<\/p>\n<p style=\"text-align: justify;\">El 8 enero, el cartera castrense report\u00f3 el regreso de otros 50 prisioneros de guerra rusos en el marco de negociaciones con Kiev.<\/p>\n<p style=\"text-align: justify;\"><em><strong>ah<\/strong><\/em><\/p>\n","protected":false},"excerpt":{"rendered":"<p>Mosc\u00fa, 16 feb (SANA) Un total de 101 militares rusos regresaron de las c\u00e1rceles en Ucrania como resultado de negociaciones, inform\u00f3 el Ministerio de Defensa de Rusia citado por Sputnik. \u201cComo resultado del proceso de negociaci\u00f3n, 101 militares rusos que corr\u00edan peligro de muerte en cautiverio fueron devueltos hoy del territorio controlado por el r\u00e9gimen &hellip;<\/p>\n","protected":false},"author":30,"featured_media":287632,"comment_status":"closed","ping_status":"closed","sticky":false,"template":"","format":"standard","meta":{"footnotes":""},"categories":[456,16687,20724],"tags":[],"class_list":["post-287631","post","type-post","status-publish","format-standard","has-post-thumbnail","","category-arabe-internacional-politica","category-internacionales","category-minuto-a-minuto"],"_links":{"self":[{"href":"https:\/\/archive.sana.sy\/es\/index.php?rest_route=\/wp\/v2\/posts\/287631"}],"collection":[{"href":"https:\/\/archive.sana.sy\/es\/index.php?rest_route=\/wp\/v2\/posts"}],"about":[{"href":"https:\/\/archive.sana.sy\/es\/index.php?rest_route=\/wp\/v2\/types\/post"}],"author":[{"embeddable":true,"href":"https:\/\/archive.sana.sy\/es\/index.php?rest_route=\/wp\/v2\/users\/30"}],"replies":[{"embeddable":true,"href":"https:\/\/archive.sana.sy\/es\/index.php?rest_route=%2Fwp%2Fv2%2Fcomments&post=287631"}],"version-history":[{"count":0,"href":"https:\/\/archive.sana.sy\/es\/index.php?rest_route=\/wp\/v2\/posts\/287631\/revisions"}],"wp:featuredmedia":[{"embeddable":true,"href":"https:\/\/archive.sana.sy\/es\/index.php?rest_route=\/wp\/v2\/media\/287632"}],"wp:attachment":[{"href":"https:\/\/archive.sana.sy\/es\/index.php?rest_route=%2Fwp%2Fv2%2Fmedia&parent=287631"}],"wp:term":[{"taxonomy":"category","embeddable":true,"href":"https:\/\/archive.sana.sy\/es\/index.php?rest_route=%2Fwp%2Fv2%2Fcategories&post=287631"},{"taxonomy":"post_tag","embeddable":true,"href":"https:\/\/archive.sana.sy\/es\/index.php?rest_route=%2Fwp%2Fv2%2Ftags&post=287631"}],"curies":[{"name":"wp","href":"https:\/\/api.w.org\/{rel}","templated":true}]}}