{"id":287635,"date":"2023-02-16T23:22:34","date_gmt":"2023-02-16T20:22:34","guid":{"rendered":"https:\/\/sana.sy\/es\/?p=287635"},"modified":"2023-02-16T23:22:34","modified_gmt":"2023-02-16T20:22:34","slug":"presidente-irani-expresa-esperanza-de-avanzar-en-cooperacion-con-china-en-varios-campos","status":"publish","type":"post","link":"https:\/\/archive.sana.sy\/es\/?p=287635","title":{"rendered":"Presidente iran\u00ed expresa esperanza de avanzar en cooperaci\u00f3n con China en varios campos"},"content":{"rendered":"<p style=\"text-align: justify;\"><span style=\"color: #800000;\"><strong>Teher\u00e1n, 16 feb (SANA)<\/strong><\/span> El presidente iran\u00ed, Ebrahim Raisi, expres\u00f3 su esperanza de avanzar en la cooperaci\u00f3n entre su pa\u00eds y China en varios campos.<\/p>\n<p style=\"text-align: justify;\">Raisi calific\u00f3 de muy fruct\u00edfera y exitosa su visita al pa\u00eds asi\u00e1tico.<\/p>\n<p style=\"text-align: justify;\">En una declaraci\u00f3n de prensa tras su llegada a Teher\u00e1n hoy despu\u00e9s de una visita oficial a Beijing que dur\u00f3 tres d\u00edas, el Mandatario iran\u00ed inform\u00f3 sobre la firma de 20 memorandos de entendimiento en presencia de los presidentes de los dos pa\u00edses.<\/p>\n<p style=\"text-align: justify;\">\u201cAmbas partes tienen un serio deseo de mejorar la cooperaci\u00f3n en los campos de comercio, econom\u00eda, energ\u00eda, ciencia y tecnolog\u00eda\u201d, concluy\u00f3.<\/p>\n<p style=\"text-align: justify;\"><em><strong>ah<\/strong><\/em><\/p>\n","protected":false},"excerpt":{"rendered":"<p>Teher\u00e1n, 16 feb (SANA) El presidente iran\u00ed, Ebrahim Raisi, expres\u00f3 su esperanza de avanzar en la cooperaci\u00f3n entre su pa\u00eds y China en varios campos. Raisi calific\u00f3 de muy fruct\u00edfera y exitosa su visita al pa\u00eds asi\u00e1tico. En una declaraci\u00f3n de prensa tras su llegada a Teher\u00e1n hoy despu\u00e9s de una visita oficial a Beijing &hellip;<\/p>\n","protected":false},"author":30,"featured_media":287636,"comment_status":"closed","ping_status":"closed","sticky":false,"template":"","format":"standard","meta":{"footnotes":""},"categories":[456,16687,20724],"tags":[],"class_list":["post-287635","post","type-post","status-publish","format-standard","has-post-thumbnail","","category-arabe-internacional-politica","category-internacionales","category-minuto-a-minuto"],"_links":{"self":[{"href":"https:\/\/archive.sana.sy\/es\/index.php?rest_route=\/wp\/v2\/posts\/287635"}],"collection":[{"href":"https:\/\/archive.sana.sy\/es\/index.php?rest_route=\/wp\/v2\/posts"}],"about":[{"href":"https:\/\/archive.sana.sy\/es\/index.php?rest_route=\/wp\/v2\/types\/post"}],"author":[{"embeddable":true,"href":"https:\/\/archive.sana.sy\/es\/index.php?rest_route=\/wp\/v2\/users\/30"}],"replies":[{"embeddable":true,"href":"https:\/\/archive.sana.sy\/es\/index.php?rest_route=%2Fwp%2Fv2%2Fcomments&post=287635"}],"version-history":[{"count":0,"href":"https:\/\/archive.sana.sy\/es\/index.php?rest_route=\/wp\/v2\/posts\/287635\/revisions"}],"wp:featuredmedia":[{"embeddable":true,"href":"https:\/\/archive.sana.sy\/es\/index.php?rest_route=\/wp\/v2\/media\/287636"}],"wp:attachment":[{"href":"https:\/\/archive.sana.sy\/es\/index.php?rest_route=%2Fwp%2Fv2%2Fmedia&parent=287635"}],"wp:term":[{"taxonomy":"category","embeddable":true,"href":"https:\/\/archive.sana.sy\/es\/index.php?rest_route=%2Fwp%2Fv2%2Fcategories&post=287635"},{"taxonomy":"post_tag","embeddable":true,"href":"https:\/\/archive.sana.sy\/es\/index.php?rest_route=%2Fwp%2Fv2%2Ftags&post=287635"}],"curies":[{"name":"wp","href":"https:\/\/api.w.org\/{rel}","templated":true}]}}