{"id":287638,"date":"2023-02-16T23:36:10","date_gmt":"2023-02-16T20:36:10","guid":{"rendered":"https:\/\/sana.sy\/es\/?p=287638"},"modified":"2023-02-16T23:36:10","modified_gmt":"2023-02-16T20:36:10","slug":"organizacion-internacional-del-trabajo-ratifica-disposicion-para-trabajar-en-siria","status":"publish","type":"post","link":"https:\/\/archive.sana.sy\/es\/?p=287638","title":{"rendered":"Organizaci\u00f3n Internacional del Trabajo ratifica disposici\u00f3n para trabajar en Siria"},"content":{"rendered":"<p style=\"text-align: justify;\"><span style=\"color: #800000;\"><strong>Damasco, 16 feb (SANA)<\/strong> <\/span>El Ministro de Asuntos Sociales y Trabajo, Mohamed Seif Eddin, examin\u00f3 hoy con la directora Regional de la Organizaci\u00f3n Internacional del Trabajo (OIT) para los Estados \u00c1rabes, Ruba Jaradat, el Plan de respuesta humanitaria de la OIT despu\u00e9s del desastre del terremoto que azot\u00f3 el pa\u00eds.<\/p>\n<p style=\"text-align: justify;\">El Titular destac\u00f3 la importancia de activar el trabajo de la organizaci\u00f3n en Siria, para proporcionar la asistencia necesaria y de emergencia como resultado del desastre humanitario causado por el terremoto.<\/p>\n<p style=\"text-align: justify;\">\u201cEl Ministerio realiza todos los esfuerzos para proporcionar todas las instalaciones y el apoyo posibles para lograr resultados tangibles en el terreno que beneficien a las \u00e1reas afectadas por el terremoto\u201d, explic\u00f3 Seif Eddin.<\/p>\n<p style=\"text-align: justify;\">Por su parte, Jaradat destac\u00f3 que la OIT est\u00e1 dispuesta a trabajar con todas las autoridades competentes en Siria para responder a la emergencia en las gobernaciones afectadas, ampliar la cooperaci\u00f3n y organizar el trabajo mediante el establecimiento de proyectos de infraestructura y asegurar el trabajo para los necesitados.<\/p>\n<p style=\"text-align: justify;\">\u201cUn equipo de ingenieros de la Organizaci\u00f3n estar\u00e1 en el terreno para ayudar a estudiar las secuelas del terremoto\u201d, concluy\u00f3.<\/p>\n<p style=\"text-align: justify;\"><em><strong>ah<\/strong><\/em><\/p>\n","protected":false},"excerpt":{"rendered":"<p>Damasco, 16 feb (SANA) El Ministro de Asuntos Sociales y Trabajo, Mohamed Seif Eddin, examin\u00f3 hoy con la directora Regional de la Organizaci\u00f3n Internacional del Trabajo (OIT) para los Estados \u00c1rabes, Ruba Jaradat, el Plan de respuesta humanitaria de la OIT despu\u00e9s del desastre del terremoto que azot\u00f3 el pa\u00eds. El Titular destac\u00f3 la importancia &hellip;<\/p>\n","protected":false},"author":30,"featured_media":287639,"comment_status":"closed","ping_status":"closed","sticky":false,"template":"","format":"standard","meta":{"footnotes":""},"categories":[597,20724,467],"tags":[],"class_list":["post-287638","post","type-post","status-publish","format-standard","has-post-thumbnail","","category-cinta-de-noticias","category-minuto-a-minuto","category-siria-y-el-mundo"],"_links":{"self":[{"href":"https:\/\/archive.sana.sy\/es\/index.php?rest_route=\/wp\/v2\/posts\/287638"}],"collection":[{"href":"https:\/\/archive.sana.sy\/es\/index.php?rest_route=\/wp\/v2\/posts"}],"about":[{"href":"https:\/\/archive.sana.sy\/es\/index.php?rest_route=\/wp\/v2\/types\/post"}],"author":[{"embeddable":true,"href":"https:\/\/archive.sana.sy\/es\/index.php?rest_route=\/wp\/v2\/users\/30"}],"replies":[{"embeddable":true,"href":"https:\/\/archive.sana.sy\/es\/index.php?rest_route=%2Fwp%2Fv2%2Fcomments&post=287638"}],"version-history":[{"count":0,"href":"https:\/\/archive.sana.sy\/es\/index.php?rest_route=\/wp\/v2\/posts\/287638\/revisions"}],"wp:featuredmedia":[{"embeddable":true,"href":"https:\/\/archive.sana.sy\/es\/index.php?rest_route=\/wp\/v2\/media\/287639"}],"wp:attachment":[{"href":"https:\/\/archive.sana.sy\/es\/index.php?rest_route=%2Fwp%2Fv2%2Fmedia&parent=287638"}],"wp:term":[{"taxonomy":"category","embeddable":true,"href":"https:\/\/archive.sana.sy\/es\/index.php?rest_route=%2Fwp%2Fv2%2Fcategories&post=287638"},{"taxonomy":"post_tag","embeddable":true,"href":"https:\/\/archive.sana.sy\/es\/index.php?rest_route=%2Fwp%2Fv2%2Ftags&post=287638"}],"curies":[{"name":"wp","href":"https:\/\/api.w.org\/{rel}","templated":true}]}}