{"id":287672,"date":"2023-02-17T13:29:55","date_gmt":"2023-02-17T10:29:55","guid":{"rendered":"https:\/\/sana.sy\/es\/?p=287672"},"modified":"2023-02-17T13:30:04","modified_gmt":"2023-02-17T10:30:04","slug":"defensa-aerea-rusa-derriba-un-dron-ucraniano-en-la-ciudad-de-sebastopol","status":"publish","type":"post","link":"https:\/\/archive.sana.sy\/es\/?p=287672","title":{"rendered":"Defensa a\u00e9rea rusa derriba un dron ucraniano en la ciudad de Sebastopol"},"content":{"rendered":"<p style=\"text-align: justify;\"><span style=\"color: #800000;\"><strong>Mosc\u00fa, 17 feb (SANA)\u00a0<\/strong><\/span> El gobernador de la ciudad de Sebastopol en la Rep\u00fablica Rusa de Crimea, Mikhail Razvogaev, anunci\u00f3 hoy que las defensas antia\u00e9reas derribaron un dron ucraniano cerca de la central el\u00e9ctrica de Balaclava en la ciudad.<\/p>\n<p style=\"text-align: justify;\">\u201cLas tropas de Kiev no dejan de intentar atacar instalaciones importantes en Sebastopol, y esta ma\u00f1ana nuestras fuerzas de defensa a\u00e9rea lograron derribar un dron cerca de la central t\u00e9rmica Balaclava\u201d, seg\u00fan difundi\u00f3 La agencia de noticias RIA Novosti citando al Funcionario.<\/p>\n<p style=\"text-align: justify;\">Se\u00f1al\u00f3 que dicha estaci\u00f3n no sufri\u00f3 da\u00f1os y est\u00e1 operando, tampoco hubo heridos.<\/p>\n<p style=\"text-align: justify;\">En v\u00edsperas, las fuerzas rusas derribaron dos drones ucranianos sobre el mar y otros sobre el territorio de la Rep\u00fablica de Crimea.<\/p>\n<p style=\"text-align: justify;\">sm<\/p>\n","protected":false},"excerpt":{"rendered":"<p>Mosc\u00fa, 17 feb (SANA)\u00a0 El gobernador de la ciudad de Sebastopol en la Rep\u00fablica Rusa de Crimea, Mikhail Razvogaev, anunci\u00f3 hoy que las defensas antia\u00e9reas derribaron un dron ucraniano cerca de la central el\u00e9ctrica de Balaclava en la ciudad. \u201cLas tropas de Kiev no dejan de intentar atacar instalaciones importantes en Sebastopol, y esta ma\u00f1ana &hellip;<\/p>\n","protected":false},"author":39,"featured_media":287673,"comment_status":"closed","ping_status":"closed","sticky":false,"template":"","format":"standard","meta":{"footnotes":""},"categories":[597,456,16687,20724,7541],"tags":[],"class_list":["post-287672","post","type-post","status-publish","format-standard","has-post-thumbnail","","category-cinta-de-noticias","category-arabe-internacional-politica","category-internacionales","category-minuto-a-minuto","category-ultimas-noticias"],"_links":{"self":[{"href":"https:\/\/archive.sana.sy\/es\/index.php?rest_route=\/wp\/v2\/posts\/287672"}],"collection":[{"href":"https:\/\/archive.sana.sy\/es\/index.php?rest_route=\/wp\/v2\/posts"}],"about":[{"href":"https:\/\/archive.sana.sy\/es\/index.php?rest_route=\/wp\/v2\/types\/post"}],"author":[{"embeddable":true,"href":"https:\/\/archive.sana.sy\/es\/index.php?rest_route=\/wp\/v2\/users\/39"}],"replies":[{"embeddable":true,"href":"https:\/\/archive.sana.sy\/es\/index.php?rest_route=%2Fwp%2Fv2%2Fcomments&post=287672"}],"version-history":[{"count":0,"href":"https:\/\/archive.sana.sy\/es\/index.php?rest_route=\/wp\/v2\/posts\/287672\/revisions"}],"wp:featuredmedia":[{"embeddable":true,"href":"https:\/\/archive.sana.sy\/es\/index.php?rest_route=\/wp\/v2\/media\/287673"}],"wp:attachment":[{"href":"https:\/\/archive.sana.sy\/es\/index.php?rest_route=%2Fwp%2Fv2%2Fmedia&parent=287672"}],"wp:term":[{"taxonomy":"category","embeddable":true,"href":"https:\/\/archive.sana.sy\/es\/index.php?rest_route=%2Fwp%2Fv2%2Fcategories&post=287672"},{"taxonomy":"post_tag","embeddable":true,"href":"https:\/\/archive.sana.sy\/es\/index.php?rest_route=%2Fwp%2Fv2%2Ftags&post=287672"}],"curies":[{"name":"wp","href":"https:\/\/api.w.org\/{rel}","templated":true}]}}