{"id":287683,"date":"2023-02-17T14:45:47","date_gmt":"2023-02-17T11:45:47","guid":{"rendered":"https:\/\/sana.sy\/es\/?p=287683"},"modified":"2023-02-17T14:46:04","modified_gmt":"2023-02-17T11:46:04","slug":"firmado-un-acuerdo-parcial-de-comercio-y-proteccion-de-inversiones-entre-venezuela-y-colombia","status":"publish","type":"post","link":"https:\/\/archive.sana.sy\/es\/?p=287683","title":{"rendered":"Firmado un acuerdo parcial de comercio y protecci\u00f3n de inversiones entre Venezuela y Colombia"},"content":{"rendered":"<p style=\"text-align: justify;\"><span style=\"color: #800000;\"><strong>Caracas, 17 feb (SANA)\u00a0<\/strong><\/span> \u00a0El presidente de Venezuela, Nicol\u00e1s Maduro, y su hom\u00f3logo colombiano, Gustavo Petro, firmaron un Acuerdo de Alcance Parcial de Naturaleza Comercial.<\/p>\n<p style=\"text-align: justify;\">El mandatario venezolano destac\u00f3 que el referido acuerdo con Colombia sienta las bases hacia una nueva din\u00e1mica de expansi\u00f3n del comercio entre ambas naciones.<\/p>\n<p style=\"text-align: justify;\">Por su parte, el gobernante colombiano enfatiz\u00f3 que la firma del acuerdo parcial representa un paso m\u00e1s en la integraci\u00f3n de ambos pa\u00edses y afirm\u00f3 que desde su asunci\u00f3n han dado pasos significativos en esa direcci\u00f3n.<\/p>\n<p style=\"text-align: justify;\">sm<\/p>\n","protected":false},"excerpt":{"rendered":"<p>Caracas, 17 feb (SANA)\u00a0 \u00a0El presidente de Venezuela, Nicol\u00e1s Maduro, y su hom\u00f3logo colombiano, Gustavo Petro, firmaron un Acuerdo de Alcance Parcial de Naturaleza Comercial. El mandatario venezolano destac\u00f3 que el referido acuerdo con Colombia sienta las bases hacia una nueva din\u00e1mica de expansi\u00f3n del comercio entre ambas naciones. Por su parte, el gobernante colombiano &hellip;<\/p>\n","protected":false},"author":39,"featured_media":287685,"comment_status":"closed","ping_status":"closed","sticky":false,"template":"","format":"standard","meta":{"footnotes":""},"categories":[597,16686,483,485,456,16687,20724],"tags":[],"class_list":["post-287683","post","type-post","status-publish","format-standard","has-post-thumbnail","","category-cinta-de-noticias","category-economia","category-negocios-y-finanzas","category-informes-negocios-y-finanzas","category-arabe-internacional-politica","category-internacionales","category-minuto-a-minuto"],"_links":{"self":[{"href":"https:\/\/archive.sana.sy\/es\/index.php?rest_route=\/wp\/v2\/posts\/287683"}],"collection":[{"href":"https:\/\/archive.sana.sy\/es\/index.php?rest_route=\/wp\/v2\/posts"}],"about":[{"href":"https:\/\/archive.sana.sy\/es\/index.php?rest_route=\/wp\/v2\/types\/post"}],"author":[{"embeddable":true,"href":"https:\/\/archive.sana.sy\/es\/index.php?rest_route=\/wp\/v2\/users\/39"}],"replies":[{"embeddable":true,"href":"https:\/\/archive.sana.sy\/es\/index.php?rest_route=%2Fwp%2Fv2%2Fcomments&post=287683"}],"version-history":[{"count":0,"href":"https:\/\/archive.sana.sy\/es\/index.php?rest_route=\/wp\/v2\/posts\/287683\/revisions"}],"wp:featuredmedia":[{"embeddable":true,"href":"https:\/\/archive.sana.sy\/es\/index.php?rest_route=\/wp\/v2\/media\/287685"}],"wp:attachment":[{"href":"https:\/\/archive.sana.sy\/es\/index.php?rest_route=%2Fwp%2Fv2%2Fmedia&parent=287683"}],"wp:term":[{"taxonomy":"category","embeddable":true,"href":"https:\/\/archive.sana.sy\/es\/index.php?rest_route=%2Fwp%2Fv2%2Fcategories&post=287683"},{"taxonomy":"post_tag","embeddable":true,"href":"https:\/\/archive.sana.sy\/es\/index.php?rest_route=%2Fwp%2Fv2%2Ftags&post=287683"}],"curies":[{"name":"wp","href":"https:\/\/api.w.org\/{rel}","templated":true}]}}