{"id":287686,"date":"2023-02-17T15:00:03","date_gmt":"2023-02-17T12:00:03","guid":{"rendered":"https:\/\/sana.sy\/es\/?p=287686"},"modified":"2023-02-17T15:17:41","modified_gmt":"2023-02-17T12:17:41","slug":"rusia-destruira-el-armamento-que-envien-a-ucrania-dice-vicecanciller-riabkov","status":"publish","type":"post","link":"https:\/\/archive.sana.sy\/es\/?p=287686","title":{"rendered":"Rusia destruir\u00e1 el armamento que env\u00eden a Ucrania, dice vicecanciller Riabkov"},"content":{"rendered":"<blockquote>\n<p style=\"text-align: justify;\"><span style=\"color: #800000;\"><em><strong>&#8220;Todos los tanques Leopard, que se env\u00eden ser\u00e1n aplastados en los campos ucranianos por el fuego del ej\u00e9rcito ruso, por lo que se puede catalogar como \u201cabsurda\u201d esa decisi\u00f3n&#8221;<\/strong><\/em><\/span><\/p>\n<\/blockquote>\n<p style=\"text-align: justify;\"><span style=\"color: #000000;\"><strong>Mosc\u00fa, 17 feb (SANA)<\/strong> <\/span>Todo el material militar occidental que se entrega actualmente a Ucrania ser\u00e1 destruido, declar\u00f3 el viceministro ruso de Asuntos Exteriores, Sergu\u00e9i Riabkov.<\/p>\n<p style=\"text-align: justify;\">Seg\u00fan el vicetitular de Exteriores, todos los tanques Leopard, que se env\u00eden ser\u00e1n aplastados en los campos ucranianos por el fuego del ej\u00e9rcito ruso, por lo que se puede catalogar como \u201cabsurda\u201d esa decisi\u00f3n.<\/p>\n<p style=\"text-align: justify;\">Riabkov agreg\u00f3 que el material blindado que Estados Unidos y sus aliados llevan a Ucrania testimonian que en la mente de los responsables en Washington no hay espacio para una soluci\u00f3n pol\u00edtica al conflicto.<\/p>\n<p style=\"text-align: justify;\">\u00abHemos enviado se\u00f1ales de advertencia a los estadounidenses en varias l\u00edneas, que en general se reducen a no jugar con fuego, demostrando una apuesta por una escalada total y sin alternativas\u00bb, a\u00f1adi\u00f3 el diplom\u00e1tico.<\/p>\n<p style=\"text-align: justify;\">fm\/sm<\/p>\n","protected":false},"excerpt":{"rendered":"<p>&#8220;Todos los tanques Leopard, que se env\u00eden ser\u00e1n aplastados en los campos ucranianos por el fuego del ej\u00e9rcito ruso, por lo que se puede catalogar como \u201cabsurda\u201d esa decisi\u00f3n&#8221; Mosc\u00fa, 17 feb (SANA) Todo el material militar occidental que se entrega actualmente a Ucrania ser\u00e1 destruido, declar\u00f3 el viceministro ruso de Asuntos Exteriores, Sergu\u00e9i Riabkov. &hellip;<\/p>\n","protected":false},"author":39,"featured_media":287689,"comment_status":"closed","ping_status":"closed","sticky":false,"template":"","format":"standard","meta":{"footnotes":""},"categories":[597,456,16687,20724,7541],"tags":[],"class_list":["post-287686","post","type-post","status-publish","format-standard","has-post-thumbnail","","category-cinta-de-noticias","category-arabe-internacional-politica","category-internacionales","category-minuto-a-minuto","category-ultimas-noticias"],"_links":{"self":[{"href":"https:\/\/archive.sana.sy\/es\/index.php?rest_route=\/wp\/v2\/posts\/287686"}],"collection":[{"href":"https:\/\/archive.sana.sy\/es\/index.php?rest_route=\/wp\/v2\/posts"}],"about":[{"href":"https:\/\/archive.sana.sy\/es\/index.php?rest_route=\/wp\/v2\/types\/post"}],"author":[{"embeddable":true,"href":"https:\/\/archive.sana.sy\/es\/index.php?rest_route=\/wp\/v2\/users\/39"}],"replies":[{"embeddable":true,"href":"https:\/\/archive.sana.sy\/es\/index.php?rest_route=%2Fwp%2Fv2%2Fcomments&post=287686"}],"version-history":[{"count":0,"href":"https:\/\/archive.sana.sy\/es\/index.php?rest_route=\/wp\/v2\/posts\/287686\/revisions"}],"wp:featuredmedia":[{"embeddable":true,"href":"https:\/\/archive.sana.sy\/es\/index.php?rest_route=\/wp\/v2\/media\/287689"}],"wp:attachment":[{"href":"https:\/\/archive.sana.sy\/es\/index.php?rest_route=%2Fwp%2Fv2%2Fmedia&parent=287686"}],"wp:term":[{"taxonomy":"category","embeddable":true,"href":"https:\/\/archive.sana.sy\/es\/index.php?rest_route=%2Fwp%2Fv2%2Fcategories&post=287686"},{"taxonomy":"post_tag","embeddable":true,"href":"https:\/\/archive.sana.sy\/es\/index.php?rest_route=%2Fwp%2Fv2%2Ftags&post=287686"}],"curies":[{"name":"wp","href":"https:\/\/api.w.org\/{rel}","templated":true}]}}