{"id":287690,"date":"2023-02-17T15:24:43","date_gmt":"2023-02-17T12:24:43","guid":{"rendered":"https:\/\/sana.sy\/es\/?p=287690"},"modified":"2023-02-17T20:48:22","modified_gmt":"2023-02-17T17:48:22","slug":"occidente-politiza-la-entrega-de-ayuda-humanitaria-a-siria-declara-zajarova","status":"publish","type":"post","link":"https:\/\/archive.sana.sy\/es\/?p=287690","title":{"rendered":"Occidente politiza la entrega de ayuda humanitaria a Siria, declara Zaj\u00e1rova"},"content":{"rendered":"<p style=\"text-align: justify;\"><span style=\"color: #800000;\"><strong>Mosc\u00fa, 17 feb (SANA)\u00a0<\/strong> <\/span>\u00a0La portavoz del Ministerio de Relaciones Exteriores de Rusia, Mar\u00eda Zaj\u00e1rova, anunci\u00f3 que su pa\u00eds continuar\u00e1 brindando ayuda humanitaria a Siria para enfrentar las repercusiones del terremoto que azot\u00f3 el pa\u00eds el pasado seis de febrero.<\/p>\n<p style=\"text-align: justify;\">Asimismo, destac\u00f3 la necesidad de levantar las sanciones impuestas a Damasco porque estas impiden la prestaci\u00f3n de la asistencia necesaria.<\/p>\n<p style=\"text-align: justify;\">Durante una conferencia de prensa, la vocera de la Canciller\u00eda explic\u00f3 que hay una clara politizaci\u00f3n por parte de Occidente en el expediente de entregar ayuda humanitaria a Siria, ya que Turqu\u00eda recibi\u00f3 ayuda de 21 pa\u00edses de la Uni\u00f3n Europea, mientras que solo unos pocos brindaron asistencia a Siria, y esto es inaceptable en el \u00e1mbito humanitario.<\/p>\n<p style=\"text-align: justify;\">sm\/fm<\/p>\n","protected":false},"excerpt":{"rendered":"<p>Mosc\u00fa, 17 feb (SANA)\u00a0 \u00a0La portavoz del Ministerio de Relaciones Exteriores de Rusia, Mar\u00eda Zaj\u00e1rova, anunci\u00f3 que su pa\u00eds continuar\u00e1 brindando ayuda humanitaria a Siria para enfrentar las repercusiones del terremoto que azot\u00f3 el pa\u00eds el pasado seis de febrero. Asimismo, destac\u00f3 la necesidad de levantar las sanciones impuestas a Damasco porque estas impiden la &hellip;<\/p>\n","protected":false},"author":39,"featured_media":287691,"comment_status":"closed","ping_status":"closed","sticky":false,"template":"","format":"standard","meta":{"footnotes":""},"categories":[597,20724,467],"tags":[],"class_list":["post-287690","post","type-post","status-publish","format-standard","has-post-thumbnail","","category-cinta-de-noticias","category-minuto-a-minuto","category-siria-y-el-mundo"],"_links":{"self":[{"href":"https:\/\/archive.sana.sy\/es\/index.php?rest_route=\/wp\/v2\/posts\/287690"}],"collection":[{"href":"https:\/\/archive.sana.sy\/es\/index.php?rest_route=\/wp\/v2\/posts"}],"about":[{"href":"https:\/\/archive.sana.sy\/es\/index.php?rest_route=\/wp\/v2\/types\/post"}],"author":[{"embeddable":true,"href":"https:\/\/archive.sana.sy\/es\/index.php?rest_route=\/wp\/v2\/users\/39"}],"replies":[{"embeddable":true,"href":"https:\/\/archive.sana.sy\/es\/index.php?rest_route=%2Fwp%2Fv2%2Fcomments&post=287690"}],"version-history":[{"count":0,"href":"https:\/\/archive.sana.sy\/es\/index.php?rest_route=\/wp\/v2\/posts\/287690\/revisions"}],"wp:featuredmedia":[{"embeddable":true,"href":"https:\/\/archive.sana.sy\/es\/index.php?rest_route=\/wp\/v2\/media\/287691"}],"wp:attachment":[{"href":"https:\/\/archive.sana.sy\/es\/index.php?rest_route=%2Fwp%2Fv2%2Fmedia&parent=287690"}],"wp:term":[{"taxonomy":"category","embeddable":true,"href":"https:\/\/archive.sana.sy\/es\/index.php?rest_route=%2Fwp%2Fv2%2Fcategories&post=287690"},{"taxonomy":"post_tag","embeddable":true,"href":"https:\/\/archive.sana.sy\/es\/index.php?rest_route=%2Fwp%2Fv2%2Ftags&post=287690"}],"curies":[{"name":"wp","href":"https:\/\/api.w.org\/{rel}","templated":true}]}}