{"id":287766,"date":"2023-02-17T20:03:58","date_gmt":"2023-02-17T17:03:58","guid":{"rendered":"https:\/\/sana.sy\/es\/?p=287766"},"modified":"2023-02-17T20:05:23","modified_gmt":"2023-02-17T17:05:23","slug":"campana-arabe-e-internacional-encaminada-a-romper-el-bloqueo-impuesto-a-siria","status":"publish","type":"post","link":"https:\/\/archive.sana.sy\/es\/?p=287766","title":{"rendered":"Campa\u00f1a \u00e1rabe e internacional encaminada a romper el bloqueo impuesto a Siria"},"content":{"rendered":"<blockquote>\n<p style=\"text-align: justify;\"><span style=\"color: #800000;\"><em><strong>La declaraci\u00f3n revel\u00f3 preparativos para una reuni\u00f3n internacional de miembros de la campa\u00f1a de los cinco continentes para desarrollar un plan de acci\u00f3n internacional para la ayuda y reconstrucci\u00f3n en Siria.<\/strong><\/em><\/span><\/p>\n<\/blockquote>\n<p style=\"text-align: justify;\"><strong>Beirut, 17 feb (SANA)<\/strong> La Campa\u00f1a \u00c1rabe e Internacional contra el Bloqueo Impuesto a Siria exigi\u00f3 incrementar las operaciones de socorro para los afectados por el desastre del terremoto y vincularlas a campa\u00f1as que exigen la anulaci\u00f3n de la \u201cLey C\u00e9sar\u201d impuesta por EE.UU.<\/p>\n<p style=\"text-align: justify;\">En un comunicado emitido hoy tras una reuni\u00f3n encabezada por su coordinador general Magdy Al-Maasrawi y en presencia de sus miembros fundadores, la Campa\u00f1a decidi\u00f3 vincular las campa\u00f1as de socorro \u00e1rabes e internacionales existentes con las campa\u00f1as para derrocar la Ley C\u00e9sar, por ser el mayor obst\u00e1culo ante las acciones de ayuda.<\/p>\n<p style=\"text-align: justify;\">La declaraci\u00f3n revel\u00f3 preparativos para una reuni\u00f3n internacional de miembros de la campa\u00f1a de los cinco continentes para desarrollar un plan de acci\u00f3n internacional para la ayuda y reconstrucci\u00f3n en Siria, y otras reuni\u00f3n de car\u00e1cter a nivel \u00e1rabe e internacional para estudiar formas de enjuiciamiento legal internacional para todos los que participaron en el asedio a Siria como implicados en la comisi\u00f3n de cr\u00edmenes de guerra y cr\u00edmenes de lesa humanidad.<\/p>\n<p style=\"text-align: justify;\">Asimismo, salud\u00f3 a todos los que participaron en el trabajo de socorro al pueblo sirio ante el devastador terremoto, haciendo menci\u00f3n a las acciones de ayuda en Egipto, Sud\u00e1n, Marruecos, Argelia, T\u00fanez, Yemen, Om\u00e1n, Bahr\u00e9in, Iraq, Jordania, Palestina, L\u00edbano y Siria.<\/p>\n<p style=\"text-align: justify;\">fm\/sm<\/p>\n","protected":false},"excerpt":{"rendered":"<p>La declaraci\u00f3n revel\u00f3 preparativos para una reuni\u00f3n internacional de miembros de la campa\u00f1a de los cinco continentes para desarrollar un plan de acci\u00f3n internacional para la ayuda y reconstrucci\u00f3n en Siria. Beirut, 17 feb (SANA) La Campa\u00f1a \u00c1rabe e Internacional contra el Bloqueo Impuesto a Siria exigi\u00f3 incrementar las operaciones de socorro para los afectados &hellip;<\/p>\n","protected":false},"author":39,"featured_media":287769,"comment_status":"closed","ping_status":"closed","sticky":false,"template":"","format":"standard","meta":{"footnotes":""},"categories":[597,467,583],"tags":[],"class_list":["post-287766","post","type-post","status-publish","format-standard","has-post-thumbnail","","category-cinta-de-noticias","category-siria-y-el-mundo","category-slide"],"_links":{"self":[{"href":"https:\/\/archive.sana.sy\/es\/index.php?rest_route=\/wp\/v2\/posts\/287766"}],"collection":[{"href":"https:\/\/archive.sana.sy\/es\/index.php?rest_route=\/wp\/v2\/posts"}],"about":[{"href":"https:\/\/archive.sana.sy\/es\/index.php?rest_route=\/wp\/v2\/types\/post"}],"author":[{"embeddable":true,"href":"https:\/\/archive.sana.sy\/es\/index.php?rest_route=\/wp\/v2\/users\/39"}],"replies":[{"embeddable":true,"href":"https:\/\/archive.sana.sy\/es\/index.php?rest_route=%2Fwp%2Fv2%2Fcomments&post=287766"}],"version-history":[{"count":0,"href":"https:\/\/archive.sana.sy\/es\/index.php?rest_route=\/wp\/v2\/posts\/287766\/revisions"}],"wp:featuredmedia":[{"embeddable":true,"href":"https:\/\/archive.sana.sy\/es\/index.php?rest_route=\/wp\/v2\/media\/287769"}],"wp:attachment":[{"href":"https:\/\/archive.sana.sy\/es\/index.php?rest_route=%2Fwp%2Fv2%2Fmedia&parent=287766"}],"wp:term":[{"taxonomy":"category","embeddable":true,"href":"https:\/\/archive.sana.sy\/es\/index.php?rest_route=%2Fwp%2Fv2%2Fcategories&post=287766"},{"taxonomy":"post_tag","embeddable":true,"href":"https:\/\/archive.sana.sy\/es\/index.php?rest_route=%2Fwp%2Fv2%2Ftags&post=287766"}],"curies":[{"name":"wp","href":"https:\/\/api.w.org\/{rel}","templated":true}]}}