{"id":287780,"date":"2023-02-17T19:45:06","date_gmt":"2023-02-17T16:45:06","guid":{"rendered":"https:\/\/sana.sy\/es\/?p=287780"},"modified":"2023-02-17T21:57:59","modified_gmt":"2023-02-17T18:57:59","slug":"tropas-rusas-toman-el-control-de-localidad-de-paraskovievka-en-donetsk","status":"publish","type":"post","link":"https:\/\/archive.sana.sy\/es\/?p=287780","title":{"rendered":"Tropas rusas toman el control de localidad de Paraskovievka en Donetsk"},"content":{"rendered":"<p style=\"text-align: justify;\"><span style=\"color: #800000;\"><strong>Mosc\u00fa, 17 feb (SANA)\u00a0<\/strong><\/span> \u00a0El asentamiento de Paraskovievka, a nueve kil\u00f3metros de la ciudad de Artiomovsk, en la Rep\u00fablica Popular de Donetsk, cay\u00f3 bajo control del Ej\u00e9rcito Ruso.<\/p>\n<p style=\"text-align: justify;\">Seg\u00fan inform\u00f3 el l\u00edder del grupo Wagner, Evgueni Progozin, en su canal de Telegram, despu\u00e9s de una exitosa ofensiva, la localidad fue ocupada en su totalidad por efectivos del ej\u00e9rcito ruso y voluntarios de las milicias de Donb\u00e1s.<\/p>\n<p style=\"text-align: justify;\">Parask\u00f3vievka est\u00e1 situada entre las ciudades de Soledar y Arti\u00f3movsk, y constitu\u00eda un importante centro de transporte para abastecer a la agrupaci\u00f3n de tropas ucranianas en Donetsk y Lugansk.<\/p>\n<p style=\"text-align: justify;\">fm\/rr<\/p>\n","protected":false},"excerpt":{"rendered":"<p>Mosc\u00fa, 17 feb (SANA)\u00a0 \u00a0El asentamiento de Paraskovievka, a nueve kil\u00f3metros de la ciudad de Artiomovsk, en la Rep\u00fablica Popular de Donetsk, cay\u00f3 bajo control del Ej\u00e9rcito Ruso. Seg\u00fan inform\u00f3 el l\u00edder del grupo Wagner, Evgueni Progozin, en su canal de Telegram, despu\u00e9s de una exitosa ofensiva, la localidad fue ocupada en su totalidad por &hellip;<\/p>\n","protected":false},"author":31,"featured_media":287781,"comment_status":"closed","ping_status":"closed","sticky":false,"template":"","format":"standard","meta":{"footnotes":""},"categories":[456,16687,7541],"tags":[],"class_list":["post-287780","post","type-post","status-publish","format-standard","has-post-thumbnail","","category-arabe-internacional-politica","category-internacionales","category-ultimas-noticias"],"_links":{"self":[{"href":"https:\/\/archive.sana.sy\/es\/index.php?rest_route=\/wp\/v2\/posts\/287780"}],"collection":[{"href":"https:\/\/archive.sana.sy\/es\/index.php?rest_route=\/wp\/v2\/posts"}],"about":[{"href":"https:\/\/archive.sana.sy\/es\/index.php?rest_route=\/wp\/v2\/types\/post"}],"author":[{"embeddable":true,"href":"https:\/\/archive.sana.sy\/es\/index.php?rest_route=\/wp\/v2\/users\/31"}],"replies":[{"embeddable":true,"href":"https:\/\/archive.sana.sy\/es\/index.php?rest_route=%2Fwp%2Fv2%2Fcomments&post=287780"}],"version-history":[{"count":0,"href":"https:\/\/archive.sana.sy\/es\/index.php?rest_route=\/wp\/v2\/posts\/287780\/revisions"}],"wp:featuredmedia":[{"embeddable":true,"href":"https:\/\/archive.sana.sy\/es\/index.php?rest_route=\/wp\/v2\/media\/287781"}],"wp:attachment":[{"href":"https:\/\/archive.sana.sy\/es\/index.php?rest_route=%2Fwp%2Fv2%2Fmedia&parent=287780"}],"wp:term":[{"taxonomy":"category","embeddable":true,"href":"https:\/\/archive.sana.sy\/es\/index.php?rest_route=%2Fwp%2Fv2%2Fcategories&post=287780"},{"taxonomy":"post_tag","embeddable":true,"href":"https:\/\/archive.sana.sy\/es\/index.php?rest_route=%2Fwp%2Fv2%2Ftags&post=287780"}],"curies":[{"name":"wp","href":"https:\/\/api.w.org\/{rel}","templated":true}]}}