{"id":287820,"date":"2023-02-18T12:16:04","date_gmt":"2023-02-18T09:16:04","guid":{"rendered":"https:\/\/sana.sy\/es\/?p=287820"},"modified":"2023-02-18T12:37:25","modified_gmt":"2023-02-18T09:37:25","slug":"primera-ministra-de-serbia-ofrece-condolencias-a-siria-por-victimas-del-terremoto","status":"publish","type":"post","link":"https:\/\/archive.sana.sy\/es\/?p=287820","title":{"rendered":"Primera ministra de Serbia ofrece condolencias a Siria por v\u00edctimas del terremoto"},"content":{"rendered":"<p style=\"text-align: justify;\"><span style=\"color: #800000;\"><strong>Belgrado, 18 feb (SANA)<\/strong> \u00a0<\/span>La primera ministra de la Rep\u00fablica de Serbia, Ana Brnabic, y durante su visita a la sede de la Embajada de Siria en Belgrado, ofreci\u00f3 sus condolencias a las v\u00edctimas del devastador terremoto que azot\u00f3 Siria la semana pasada.<\/p>\n<p style=\"text-align: justify;\">La titular serbia escribi\u00f3 unas palabras en el registro de condolencias, en las cuales expres\u00f3 su profunda solidaridad con el gobierno y pueblo sirios para hacer frente a las secuelas del terremoto.<\/p>\n<p style=\"text-align: justify;\">Adem\u00e1s, y durante su reuni\u00f3n con el embajador sirio en Belgrado, Bassem Jamaan Agha, la jefa del gobierno serbio enfatiz\u00f3 que su pa\u00eds est\u00e1 al lado de Siria ante esta cat\u00e1strofe natural, as\u00ed como se refiri\u00f3 a la alta coordinaci\u00f3n para enviar ayuda a Siria.<\/p>\n<p style=\"text-align: justify;\">sm<\/p>\n","protected":false},"excerpt":{"rendered":"<p>Belgrado, 18 feb (SANA) \u00a0La primera ministra de la Rep\u00fablica de Serbia, Ana Brnabic, y durante su visita a la sede de la Embajada de Siria en Belgrado, ofreci\u00f3 sus condolencias a las v\u00edctimas del devastador terremoto que azot\u00f3 Siria la semana pasada. La titular serbia escribi\u00f3 unas palabras en el registro de condolencias, en &hellip;<\/p>\n","protected":false},"author":39,"featured_media":287823,"comment_status":"closed","ping_status":"closed","sticky":false,"template":"","format":"standard","meta":{"footnotes":""},"categories":[597,20724,467,7541],"tags":[],"class_list":["post-287820","post","type-post","status-publish","format-standard","has-post-thumbnail","","category-cinta-de-noticias","category-minuto-a-minuto","category-siria-y-el-mundo","category-ultimas-noticias"],"_links":{"self":[{"href":"https:\/\/archive.sana.sy\/es\/index.php?rest_route=\/wp\/v2\/posts\/287820"}],"collection":[{"href":"https:\/\/archive.sana.sy\/es\/index.php?rest_route=\/wp\/v2\/posts"}],"about":[{"href":"https:\/\/archive.sana.sy\/es\/index.php?rest_route=\/wp\/v2\/types\/post"}],"author":[{"embeddable":true,"href":"https:\/\/archive.sana.sy\/es\/index.php?rest_route=\/wp\/v2\/users\/39"}],"replies":[{"embeddable":true,"href":"https:\/\/archive.sana.sy\/es\/index.php?rest_route=%2Fwp%2Fv2%2Fcomments&post=287820"}],"version-history":[{"count":0,"href":"https:\/\/archive.sana.sy\/es\/index.php?rest_route=\/wp\/v2\/posts\/287820\/revisions"}],"wp:featuredmedia":[{"embeddable":true,"href":"https:\/\/archive.sana.sy\/es\/index.php?rest_route=\/wp\/v2\/media\/287823"}],"wp:attachment":[{"href":"https:\/\/archive.sana.sy\/es\/index.php?rest_route=%2Fwp%2Fv2%2Fmedia&parent=287820"}],"wp:term":[{"taxonomy":"category","embeddable":true,"href":"https:\/\/archive.sana.sy\/es\/index.php?rest_route=%2Fwp%2Fv2%2Fcategories&post=287820"},{"taxonomy":"post_tag","embeddable":true,"href":"https:\/\/archive.sana.sy\/es\/index.php?rest_route=%2Fwp%2Fv2%2Ftags&post=287820"}],"curies":[{"name":"wp","href":"https:\/\/api.w.org\/{rel}","templated":true}]}}