{"id":287827,"date":"2023-02-18T13:16:25","date_gmt":"2023-02-18T10:16:25","guid":{"rendered":"https:\/\/sana.sy\/es\/?p=287827"},"modified":"2023-02-18T13:16:25","modified_gmt":"2023-02-18T10:16:25","slug":"embajador-del-vaticano-en-siria-ayudar-a-los-afectados-por-el-terremoto-es-una-prueba-para-la-humanidad","status":"publish","type":"post","link":"https:\/\/archive.sana.sy\/es\/?p=287827","title":{"rendered":"Embajador del Vaticano en Siria: ayudar a los afectados por el terremoto es una prueba para la humanidad"},"content":{"rendered":"<p style=\"text-align: justify;\"><span style=\"color: #800000;\"><strong>Roma, 18 feb (SANA)\u00a0<\/strong><\/span> \u00a0El embajador del Vaticano en Siria, el cardenal Mario Zenari, hizo un llamado a la comunidad internacional para brindar ayuda urgente a los afectados por el terremoto en Siria, y enfatiz\u00f3 que este asunto constituye una prueba para la humanidad.<\/p>\n<p style=\"text-align: justify;\">Zenari se\u00f1al\u00f3 que las sanciones impuestas a Siria impiden la llegada de la ayuda, y en este contexto dese\u00f3 recurrir a \u201cla raz\u00f3n y la humanidad\u201d.<\/p>\n<p style=\"text-align: justify;\">Adem\u00e1s, destac\u00f3 la necesidad de brindar una asistencia urgente al pueblo afligido lejos de la pol\u00edtica y las divisiones, lo que ser\u00eda una prueba para la humanidad.<\/p>\n<p style=\"text-align: justify;\">sm<\/p>\n","protected":false},"excerpt":{"rendered":"<p>Roma, 18 feb (SANA)\u00a0 \u00a0El embajador del Vaticano en Siria, el cardenal Mario Zenari, hizo un llamado a la comunidad internacional para brindar ayuda urgente a los afectados por el terremoto en Siria, y enfatiz\u00f3 que este asunto constituye una prueba para la humanidad. Zenari se\u00f1al\u00f3 que las sanciones impuestas a Siria impiden la llegada &hellip;<\/p>\n","protected":false},"author":39,"featured_media":287828,"comment_status":"closed","ping_status":"closed","sticky":false,"template":"","format":"standard","meta":{"footnotes":""},"categories":[597,20724,467,7541],"tags":[],"class_list":["post-287827","post","type-post","status-publish","format-standard","has-post-thumbnail","","category-cinta-de-noticias","category-minuto-a-minuto","category-siria-y-el-mundo","category-ultimas-noticias"],"_links":{"self":[{"href":"https:\/\/archive.sana.sy\/es\/index.php?rest_route=\/wp\/v2\/posts\/287827"}],"collection":[{"href":"https:\/\/archive.sana.sy\/es\/index.php?rest_route=\/wp\/v2\/posts"}],"about":[{"href":"https:\/\/archive.sana.sy\/es\/index.php?rest_route=\/wp\/v2\/types\/post"}],"author":[{"embeddable":true,"href":"https:\/\/archive.sana.sy\/es\/index.php?rest_route=\/wp\/v2\/users\/39"}],"replies":[{"embeddable":true,"href":"https:\/\/archive.sana.sy\/es\/index.php?rest_route=%2Fwp%2Fv2%2Fcomments&post=287827"}],"version-history":[{"count":0,"href":"https:\/\/archive.sana.sy\/es\/index.php?rest_route=\/wp\/v2\/posts\/287827\/revisions"}],"wp:featuredmedia":[{"embeddable":true,"href":"https:\/\/archive.sana.sy\/es\/index.php?rest_route=\/wp\/v2\/media\/287828"}],"wp:attachment":[{"href":"https:\/\/archive.sana.sy\/es\/index.php?rest_route=%2Fwp%2Fv2%2Fmedia&parent=287827"}],"wp:term":[{"taxonomy":"category","embeddable":true,"href":"https:\/\/archive.sana.sy\/es\/index.php?rest_route=%2Fwp%2Fv2%2Fcategories&post=287827"},{"taxonomy":"post_tag","embeddable":true,"href":"https:\/\/archive.sana.sy\/es\/index.php?rest_route=%2Fwp%2Fv2%2Ftags&post=287827"}],"curies":[{"name":"wp","href":"https:\/\/api.w.org\/{rel}","templated":true}]}}