{"id":287830,"date":"2023-02-18T13:46:03","date_gmt":"2023-02-18T10:46:03","guid":{"rendered":"https:\/\/sana.sy\/es\/?p=287830"},"modified":"2023-02-18T13:53:12","modified_gmt":"2023-02-18T10:53:12","slug":"ministro-de-estado-para-la-gestion-de-desastres-de-japon-ofrece-sus-condolencias-a-las-victimas-del-terremoto","status":"publish","type":"post","link":"https:\/\/archive.sana.sy\/es\/?p=287830","title":{"rendered":"Ministro de Estado para la Gesti\u00f3n de Desastres de Jap\u00f3n ofrece condolencias a Siria por v\u00edctimas del terremoto"},"content":{"rendered":"<p style=\"text-align: justify;\"><span style=\"color: #800000;\"><strong>Tokio, 18 feb (SANA)\u00a0<\/strong><\/span> El Ministro de Estado japon\u00e9s para la Gesti\u00f3n de Desastres, Tani Koichi, ofreci\u00f3 sus condolencias a las v\u00edctimas del devastador terremoto que azot\u00f3 Siria el pasado seis de febrero, durante su visita a la sede de la Embajada de Siria en Tokio, y escribi\u00f3 unas palabras en el libro de condolencias.<\/p>\n<p style=\"text-align: justify;\">El titular japon\u00e9s y el Encargado de Negocios de la Embajada de Siria en Tokio, Muhammad Najib Elji, repasaron los efectos del devastador terremoto ocurrido en Siria, y la situaci\u00f3n en las zonas afectadas, incluidos los riesgos de grietas en edificios residenciales e infraestructura, asimismo se abord\u00f3 la experiencia japonesa en el manejo de tales desastres.<\/p>\n<p style=\"text-align: justify;\">Adem\u00e1s, ambas partes examinaron la ayuda de emergencia proporcionada por Jap\u00f3n, y la asistencia que se destinar\u00e1 posteriormente a Siria para hacer frente a las repercusiones del terremoto.<\/p>\n<p style=\"text-align: justify;\">sm<\/p>\n","protected":false},"excerpt":{"rendered":"<p>Tokio, 18 feb (SANA)\u00a0 El Ministro de Estado japon\u00e9s para la Gesti\u00f3n de Desastres, Tani Koichi, ofreci\u00f3 sus condolencias a las v\u00edctimas del devastador terremoto que azot\u00f3 Siria el pasado seis de febrero, durante su visita a la sede de la Embajada de Siria en Tokio, y escribi\u00f3 unas palabras en el libro de condolencias. &hellip;<\/p>\n","protected":false},"author":39,"featured_media":287831,"comment_status":"closed","ping_status":"closed","sticky":false,"template":"","format":"standard","meta":{"footnotes":""},"categories":[597,20724,467,7541],"tags":[],"class_list":["post-287830","post","type-post","status-publish","format-standard","has-post-thumbnail","","category-cinta-de-noticias","category-minuto-a-minuto","category-siria-y-el-mundo","category-ultimas-noticias"],"_links":{"self":[{"href":"https:\/\/archive.sana.sy\/es\/index.php?rest_route=\/wp\/v2\/posts\/287830"}],"collection":[{"href":"https:\/\/archive.sana.sy\/es\/index.php?rest_route=\/wp\/v2\/posts"}],"about":[{"href":"https:\/\/archive.sana.sy\/es\/index.php?rest_route=\/wp\/v2\/types\/post"}],"author":[{"embeddable":true,"href":"https:\/\/archive.sana.sy\/es\/index.php?rest_route=\/wp\/v2\/users\/39"}],"replies":[{"embeddable":true,"href":"https:\/\/archive.sana.sy\/es\/index.php?rest_route=%2Fwp%2Fv2%2Fcomments&post=287830"}],"version-history":[{"count":0,"href":"https:\/\/archive.sana.sy\/es\/index.php?rest_route=\/wp\/v2\/posts\/287830\/revisions"}],"wp:featuredmedia":[{"embeddable":true,"href":"https:\/\/archive.sana.sy\/es\/index.php?rest_route=\/wp\/v2\/media\/287831"}],"wp:attachment":[{"href":"https:\/\/archive.sana.sy\/es\/index.php?rest_route=%2Fwp%2Fv2%2Fmedia&parent=287830"}],"wp:term":[{"taxonomy":"category","embeddable":true,"href":"https:\/\/archive.sana.sy\/es\/index.php?rest_route=%2Fwp%2Fv2%2Fcategories&post=287830"},{"taxonomy":"post_tag","embeddable":true,"href":"https:\/\/archive.sana.sy\/es\/index.php?rest_route=%2Fwp%2Fv2%2Ftags&post=287830"}],"curies":[{"name":"wp","href":"https:\/\/api.w.org\/{rel}","templated":true}]}}