{"id":287838,"date":"2023-02-18T14:19:44","date_gmt":"2023-02-18T11:19:44","guid":{"rendered":"https:\/\/sana.sy\/es\/?p=287838"},"modified":"2023-02-18T14:19:44","modified_gmt":"2023-02-18T11:19:44","slug":"tropas-de-kiev-utilizan-municiones-que-contienen-sustancias-toxicas-declaran-fuerzas-rusas","status":"publish","type":"post","link":"https:\/\/archive.sana.sy\/es\/?p=287838","title":{"rendered":"Tropas de Kiev utilizan municiones que contienen sustancias t\u00f3xicas, declaran fuerzas rusas"},"content":{"rendered":"<p style=\"text-align: justify;\"><span style=\"color: #800000;\"><strong>Mosc\u00fa, 18 feb (SANA)<\/strong> <\/span>Fuentes de las fuerzas rusas anunciaron que las tropas del r\u00e9gimen de Kiev utilizaron municiones que conten\u00edan una sustancia t\u00f3xica desconocida.<\/p>\n<p style=\"text-align: justify;\">\u201cEl jueves pasado por la ma\u00f1ana, dos helic\u00f3pteros de ataque ucranianos sobrevolaron las posiciones de las fuerzas rusas cerca de Ogledar, y uno de los cuales fue derribado de inmediato, mientras que el otro pudo lanzar municiones qu\u00edmicas sobre los sitios rusos\u201d, seg\u00fan difundi\u00f3 la agencia de noticias Novosti citando a las fuentes presentes en el \u00e1rea de la operaci\u00f3n militar especial.<\/p>\n<p style=\"text-align: justify;\">Las fuentes agregaron que las municiones explotaron hiriendo a dos soldados rusos con quemaduras, y tambi\u00e9n se mostraron se\u00f1ales de envenenamiento, como v\u00f3mitos e irritaci\u00f3n de las membranas mucosas.<\/p>\n<p style=\"text-align: justify;\">sm<\/p>\n","protected":false},"excerpt":{"rendered":"<p>Mosc\u00fa, 18 feb (SANA) Fuentes de las fuerzas rusas anunciaron que las tropas del r\u00e9gimen de Kiev utilizaron municiones que conten\u00edan una sustancia t\u00f3xica desconocida. \u201cEl jueves pasado por la ma\u00f1ana, dos helic\u00f3pteros de ataque ucranianos sobrevolaron las posiciones de las fuerzas rusas cerca de Ogledar, y uno de los cuales fue derribado de inmediato, &hellip;<\/p>\n","protected":false},"author":39,"featured_media":287839,"comment_status":"closed","ping_status":"closed","sticky":false,"template":"","format":"standard","meta":{"footnotes":""},"categories":[597,456,16687,20724,7541],"tags":[],"class_list":["post-287838","post","type-post","status-publish","format-standard","has-post-thumbnail","","category-cinta-de-noticias","category-arabe-internacional-politica","category-internacionales","category-minuto-a-minuto","category-ultimas-noticias"],"_links":{"self":[{"href":"https:\/\/archive.sana.sy\/es\/index.php?rest_route=\/wp\/v2\/posts\/287838"}],"collection":[{"href":"https:\/\/archive.sana.sy\/es\/index.php?rest_route=\/wp\/v2\/posts"}],"about":[{"href":"https:\/\/archive.sana.sy\/es\/index.php?rest_route=\/wp\/v2\/types\/post"}],"author":[{"embeddable":true,"href":"https:\/\/archive.sana.sy\/es\/index.php?rest_route=\/wp\/v2\/users\/39"}],"replies":[{"embeddable":true,"href":"https:\/\/archive.sana.sy\/es\/index.php?rest_route=%2Fwp%2Fv2%2Fcomments&post=287838"}],"version-history":[{"count":0,"href":"https:\/\/archive.sana.sy\/es\/index.php?rest_route=\/wp\/v2\/posts\/287838\/revisions"}],"wp:featuredmedia":[{"embeddable":true,"href":"https:\/\/archive.sana.sy\/es\/index.php?rest_route=\/wp\/v2\/media\/287839"}],"wp:attachment":[{"href":"https:\/\/archive.sana.sy\/es\/index.php?rest_route=%2Fwp%2Fv2%2Fmedia&parent=287838"}],"wp:term":[{"taxonomy":"category","embeddable":true,"href":"https:\/\/archive.sana.sy\/es\/index.php?rest_route=%2Fwp%2Fv2%2Fcategories&post=287838"},{"taxonomy":"post_tag","embeddable":true,"href":"https:\/\/archive.sana.sy\/es\/index.php?rest_route=%2Fwp%2Fv2%2Ftags&post=287838"}],"curies":[{"name":"wp","href":"https:\/\/api.w.org\/{rel}","templated":true}]}}