{"id":287856,"date":"2023-02-18T14:40:45","date_gmt":"2023-02-18T11:40:45","guid":{"rendered":"http:\/\/107.6.182.27\/es\/?p=287856"},"modified":"2023-02-18T14:40:45","modified_gmt":"2023-02-18T11:40:45","slug":"septimo-convoy-de-ayuda-procedente-de-la-gobernacion-de-damasco-campo-a-afectados-por-terremoto-fotos","status":"publish","type":"post","link":"https:\/\/archive.sana.sy\/es\/?p=287856","title":{"rendered":"S\u00e9ptimo convoy de ayuda procedente de la gobernaci\u00f3n de Damasco-campo a afectados por terremoto (+ fotos)"},"content":{"rendered":"<p style=\"text-align: justify;\"><span style=\"color: #800000;\"><strong>Damasco-campo, 18 feb (SANA)<\/strong> <\/span>La gobernaci\u00f3n de Damasco-campo envi\u00f3 hoy otros convoy de ayuda humanitaria a los afectados por el terremoto.<\/p>\n<p style=\"text-align: justify;\">El actual convoy es el s\u00e9ptimo de su tipo y se dirigi\u00f3 a las ciudades costeras de Jableh y Latakia, cuyos habitantes se vieron fuertemente afectados por el sismo.<\/p>\n<p style=\"text-align: justify;\">fm\/as<\/p>\n<div id='gallery-1' class='gallery galleryid-287856 gallery-columns-1 gallery-size-full'><figure class='gallery-item'>\n\t\t\t<div class='gallery-icon landscape'>\n\t\t\t\t<a href='https:\/\/archive.sana.sy\/es\/wp-content\/uploads\/2023\/02\/d3.jpg'><img loading=\"lazy\" decoding=\"async\" width=\"2048\" height=\"1422\" src=\"https:\/\/archive.sana.sy\/es\/wp-content\/uploads\/2023\/02\/d3.jpg\" class=\"attachment-full size-full\" alt=\"\" srcset=\"https:\/\/archive.sana.sy\/es\/wp-content\/uploads\/2023\/02\/d3.jpg 2048w, https:\/\/archive.sana.sy\/es\/wp-content\/uploads\/2023\/02\/d3-300x208.jpg 300w, https:\/\/archive.sana.sy\/es\/wp-content\/uploads\/2023\/02\/d3-1024x711.jpg 1024w, https:\/\/archive.sana.sy\/es\/wp-content\/uploads\/2023\/02\/d3-150x104.jpg 150w, https:\/\/archive.sana.sy\/es\/wp-content\/uploads\/2023\/02\/d3-768x533.jpg 768w, https:\/\/archive.sana.sy\/es\/wp-content\/uploads\/2023\/02\/d3-1536x1067.jpg 1536w, https:\/\/archive.sana.sy\/es\/wp-content\/uploads\/2023\/02\/d3-110x75.jpg 110w\" sizes=\"(max-width: 2048px) 100vw, 2048px\" \/><\/a>\n\t\t\t<\/div><\/figure><figure class='gallery-item'>\n\t\t\t<div class='gallery-icon landscape'>\n\t\t\t\t<a href='https:\/\/archive.sana.sy\/es\/wp-content\/uploads\/2023\/02\/d4.jpg'><img loading=\"lazy\" decoding=\"async\" width=\"2048\" height=\"1317\" src=\"https:\/\/archive.sana.sy\/es\/wp-content\/uploads\/2023\/02\/d4.jpg\" class=\"attachment-full size-full\" alt=\"\" srcset=\"https:\/\/archive.sana.sy\/es\/wp-content\/uploads\/2023\/02\/d4.jpg 2048w, https:\/\/archive.sana.sy\/es\/wp-content\/uploads\/2023\/02\/d4-300x193.jpg 300w, https:\/\/archive.sana.sy\/es\/wp-content\/uploads\/2023\/02\/d4-1024x659.jpg 1024w, https:\/\/archive.sana.sy\/es\/wp-content\/uploads\/2023\/02\/d4-150x96.jpg 150w, https:\/\/archive.sana.sy\/es\/wp-content\/uploads\/2023\/02\/d4-768x494.jpg 768w, https:\/\/archive.sana.sy\/es\/wp-content\/uploads\/2023\/02\/d4-1536x988.jpg 1536w\" sizes=\"(max-width: 2048px) 100vw, 2048px\" \/><\/a>\n\t\t\t<\/div><\/figure><figure class='gallery-item'>\n\t\t\t<div class='gallery-icon landscape'>\n\t\t\t\t<a href='https:\/\/archive.sana.sy\/es\/wp-content\/uploads\/2023\/02\/d5.jpg'><img loading=\"lazy\" decoding=\"async\" width=\"660\" height=\"455\" src=\"https:\/\/archive.sana.sy\/es\/wp-content\/uploads\/2023\/02\/d5.jpg\" class=\"attachment-full size-full\" alt=\"\" srcset=\"https:\/\/archive.sana.sy\/es\/wp-content\/uploads\/2023\/02\/d5.jpg 660w, https:\/\/archive.sana.sy\/es\/wp-content\/uploads\/2023\/02\/d5-300x207.jpg 300w, https:\/\/archive.sana.sy\/es\/wp-content\/uploads\/2023\/02\/d5-150x103.jpg 150w, https:\/\/archive.sana.sy\/es\/wp-content\/uploads\/2023\/02\/d5-110x75.jpg 110w\" sizes=\"(max-width: 660px) 100vw, 660px\" \/><\/a>\n\t\t\t<\/div><\/figure>\n\t\t<\/div>\n\n<p>&nbsp;<\/p>\n","protected":false},"excerpt":{"rendered":"<p>Damasco-campo, 18 feb (SANA) La gobernaci\u00f3n de Damasco-campo envi\u00f3 hoy otros convoy de ayuda humanitaria a los afectados por el terremoto. El actual convoy es el s\u00e9ptimo de su tipo y se dirigi\u00f3 a las ciudades costeras de Jableh y Latakia, cuyos habitantes se vieron fuertemente afectados por el sismo. fm\/as &nbsp;<\/p>\n","protected":false},"author":42,"featured_media":287869,"comment_status":"closed","ping_status":"closed","sticky":false,"template":"","format":"standard","meta":{"footnotes":""},"categories":[447,477,597,20724,7541],"tags":[],"class_list":["post-287856","post","type-post","status-publish","format-standard","has-post-thumbnail","","category-local-politica","category-noticias-edulcorantes","category-cinta-de-noticias","category-minuto-a-minuto","category-ultimas-noticias"],"_links":{"self":[{"href":"https:\/\/archive.sana.sy\/es\/index.php?rest_route=\/wp\/v2\/posts\/287856"}],"collection":[{"href":"https:\/\/archive.sana.sy\/es\/index.php?rest_route=\/wp\/v2\/posts"}],"about":[{"href":"https:\/\/archive.sana.sy\/es\/index.php?rest_route=\/wp\/v2\/types\/post"}],"author":[{"embeddable":true,"href":"https:\/\/archive.sana.sy\/es\/index.php?rest_route=\/wp\/v2\/users\/42"}],"replies":[{"embeddable":true,"href":"https:\/\/archive.sana.sy\/es\/index.php?rest_route=%2Fwp%2Fv2%2Fcomments&post=287856"}],"version-history":[{"count":0,"href":"https:\/\/archive.sana.sy\/es\/index.php?rest_route=\/wp\/v2\/posts\/287856\/revisions"}],"wp:featuredmedia":[{"embeddable":true,"href":"https:\/\/archive.sana.sy\/es\/index.php?rest_route=\/wp\/v2\/media\/287869"}],"wp:attachment":[{"href":"https:\/\/archive.sana.sy\/es\/index.php?rest_route=%2Fwp%2Fv2%2Fmedia&parent=287856"}],"wp:term":[{"taxonomy":"category","embeddable":true,"href":"https:\/\/archive.sana.sy\/es\/index.php?rest_route=%2Fwp%2Fv2%2Fcategories&post=287856"},{"taxonomy":"post_tag","embeddable":true,"href":"https:\/\/archive.sana.sy\/es\/index.php?rest_route=%2Fwp%2Fv2%2Ftags&post=287856"}],"curies":[{"name":"wp","href":"https:\/\/api.w.org\/{rel}","templated":true}]}}