{"id":287892,"date":"2023-02-18T15:09:49","date_gmt":"2023-02-18T12:09:49","guid":{"rendered":"http:\/\/107.6.182.27\/es\/?p=287892"},"modified":"2023-02-18T15:09:49","modified_gmt":"2023-02-18T12:09:49","slug":"condenan-pedido-de-amnistia-para-militares-y-policias-que-cometieron-delitos-en-el-marco-de-las-protestas-en-peru","status":"publish","type":"post","link":"https:\/\/archive.sana.sy\/es\/?p=287892","title":{"rendered":"Condenan pedido de amnist\u00eda para militares y polic\u00edas que cometieron delitos en el marco de las protestas en Per\u00fa"},"content":{"rendered":"<blockquote>\n<p style=\"text-align: justify;\"><span style=\"color: #000000;\"><em><strong>\u201cLas amnist\u00edas para violadores de derechos humanos son inconstitucionales y contrarias al derecho internacional. Cualquier iniciativa de esas, no solo reconoce la comisi\u00f3n de graves cr\u00edmenes, sino que generar\u00e1 responsabilidades internacionales del Estado\u201d, dijo el abogado Carlos Rivera, especialista en derechos humanos.<\/strong><\/em><\/span><\/p>\n<\/blockquote>\n<p style=\"text-align: justify;\"><span style=\"color: #800000;\"><strong>Lima, 18 feb (SANA)<\/strong><\/span> Duras cr\u00edticas recibi\u00f3 en Per\u00fa un pedido derechista de amnist\u00eda para polic\u00edas y militares por delitos eventualmente cometidos en el marco de las protestas antigubernamentales, mientras el Ejecutivo se abstuvo de comentarios al respecto, inform\u00f3 la agencia Prensa Latina.<\/p>\n<p style=\"text-align: justify;\">El ministro de Justicia, Jos\u00e9 Tello, preguntado sobre la iniciativa del partido Avanza Pa\u00eds, de derecha extrema, de proteger a los uniformados de posible juicios, con una amnistia a priori, solo dijo que esa organizaci\u00f3n tendr\u00e1 que fundamentarlo para su an\u00e1lisis.<\/p>\n<p style=\"text-align: justify;\">\u201cComo ministro de Justicia no puedo dar una opini\u00f3n, porque se trata de la posici\u00f3n del Estado\u201d, la cual requiere de que la solicitud se presente y sea fundamentada, declar\u00f3<\/p>\n<p style=\"text-align: justify;\">Sin embargo, parlamentarios y juristas se\u00f1alaron que la amnist\u00eda planteada es inviable y condenable, en tanto advirtieron de las posibles consecuencias internacionales para el Gobierno, en caso de que este acceda al pedido.<\/p>\n<p style=\"text-align: justify;\">\u201cLa propuesta de Avanza Pa\u00eds es jur\u00eddicamente inviable, y una ofensa para las v\u00edctimas\u201d, declar\u00f3 a Prensa Latina Mar P\u00e9rez, abogada de la Coordinadora Nacional de Derechos Humanos (CNDH).<\/p>\n<p style=\"text-align: justify;\">\u201cLas amnist\u00edas para violadores de derechos humanos son inconstitucionales y contrarias al derecho internacional. Cualquier iniciativa de esas, no solo reconoce la comisi\u00f3n de graves cr\u00edmenes, sino que generar\u00e1 responsabilidades internacionales del Estado\u201d, dijo el abogado Carlos Rivera, especialista en derechos humanos.<\/p>\n<p style=\"text-align: justify;\">fm\/as<\/p>\n","protected":false},"excerpt":{"rendered":"<p>\u201cLas amnist\u00edas para violadores de derechos humanos son inconstitucionales y contrarias al derecho internacional. Cualquier iniciativa de esas, no solo reconoce la comisi\u00f3n de graves cr\u00edmenes, sino que generar\u00e1 responsabilidades internacionales del Estado\u201d, dijo el abogado Carlos Rivera, especialista en derechos humanos. Lima, 18 feb (SANA) Duras cr\u00edticas recibi\u00f3 en Per\u00fa un pedido derechista de &hellip;<\/p>\n","protected":false},"author":42,"featured_media":287895,"comment_status":"closed","ping_status":"closed","sticky":false,"template":"","format":"standard","meta":{"footnotes":""},"categories":[597,456,16687,20724,7541],"tags":[],"class_list":["post-287892","post","type-post","status-publish","format-standard","has-post-thumbnail","","category-cinta-de-noticias","category-arabe-internacional-politica","category-internacionales","category-minuto-a-minuto","category-ultimas-noticias"],"_links":{"self":[{"href":"https:\/\/archive.sana.sy\/es\/index.php?rest_route=\/wp\/v2\/posts\/287892"}],"collection":[{"href":"https:\/\/archive.sana.sy\/es\/index.php?rest_route=\/wp\/v2\/posts"}],"about":[{"href":"https:\/\/archive.sana.sy\/es\/index.php?rest_route=\/wp\/v2\/types\/post"}],"author":[{"embeddable":true,"href":"https:\/\/archive.sana.sy\/es\/index.php?rest_route=\/wp\/v2\/users\/42"}],"replies":[{"embeddable":true,"href":"https:\/\/archive.sana.sy\/es\/index.php?rest_route=%2Fwp%2Fv2%2Fcomments&post=287892"}],"version-history":[{"count":0,"href":"https:\/\/archive.sana.sy\/es\/index.php?rest_route=\/wp\/v2\/posts\/287892\/revisions"}],"wp:featuredmedia":[{"embeddable":true,"href":"https:\/\/archive.sana.sy\/es\/index.php?rest_route=\/wp\/v2\/media\/287895"}],"wp:attachment":[{"href":"https:\/\/archive.sana.sy\/es\/index.php?rest_route=%2Fwp%2Fv2%2Fmedia&parent=287892"}],"wp:term":[{"taxonomy":"category","embeddable":true,"href":"https:\/\/archive.sana.sy\/es\/index.php?rest_route=%2Fwp%2Fv2%2Fcategories&post=287892"},{"taxonomy":"post_tag","embeddable":true,"href":"https:\/\/archive.sana.sy\/es\/index.php?rest_route=%2Fwp%2Fv2%2Ftags&post=287892"}],"curies":[{"name":"wp","href":"https:\/\/api.w.org\/{rel}","templated":true}]}}