{"id":287893,"date":"2023-02-18T15:15:05","date_gmt":"2023-02-18T12:15:05","guid":{"rendered":"https:\/\/sana.sy\/es\/?p=287893"},"modified":"2023-02-18T15:15:05","modified_gmt":"2023-02-18T12:15:05","slug":"presidente-al-assad-recibe-mensaje-de-solidaridad-de-su-homologo-de-tayikistan","status":"publish","type":"post","link":"https:\/\/archive.sana.sy\/es\/?p=287893","title":{"rendered":"Presidente al-Assad recibe mensaje de solidaridad de su hom\u00f3logo de Tayikist\u00e1n"},"content":{"rendered":"<blockquote>\n<p style=\"text-align: justify;\"><em><span style=\"color: #800000;\"><strong>El enviado especial del presidente tayiko expres\u00f3 su confianza en que el pueblo de Siria sea capaz de superar este calvario con la misma determinaci\u00f3n y firmeza con que enfrent\u00f3 la guerra terrorista contra su pa\u00eds.<\/strong><\/span><\/em><\/p>\n<\/blockquote>\n<p style=\"text-align: justify;\"><strong>Damasco, 18 feb (SANA)<\/strong> El presidente Bashar al-Assad, recibi\u00f3 hoy un mensaje de condolencias y apoyo a Siria del presidente de la Rep\u00fablica de Tayikist\u00e1n, Emomali Rahmon.<\/p>\n<p style=\"text-align: justify;\"><img loading=\"lazy\" decoding=\"async\" class=\"size-medium wp-image-287898 alignleft\" src=\"http:\/\/sana.sy\/es\/wp-content\/uploads\/2023\/02\/photo_2023-02-18_14-27-32-1-300x218.jpg\" alt=\"\" width=\"300\" height=\"218\" srcset=\"https:\/\/archive.sana.sy\/es\/wp-content\/uploads\/2023\/02\/photo_2023-02-18_14-27-32-1-300x218.jpg 300w, https:\/\/archive.sana.sy\/es\/wp-content\/uploads\/2023\/02\/photo_2023-02-18_14-27-32-1-1024x743.jpg 1024w, https:\/\/archive.sana.sy\/es\/wp-content\/uploads\/2023\/02\/photo_2023-02-18_14-27-32-1-150x109.jpg 150w, https:\/\/archive.sana.sy\/es\/wp-content\/uploads\/2023\/02\/photo_2023-02-18_14-27-32-1-768x557.jpg 768w, https:\/\/archive.sana.sy\/es\/wp-content\/uploads\/2023\/02\/photo_2023-02-18_14-27-32-1.jpg 1280w\" sizes=\"(max-width: 300px) 100vw, 300px\" \/><\/p>\n<p style=\"text-align: justify;\">Transmiti\u00f3 el mensaje el enviado especial del presidente tayiko el embajador Zabidullah Zabidov al ser recibido por el mandatario sirio en esta capital.<\/p>\n<p style=\"text-align: justify;\">El apoyo del gobierno y pueblo de Tayikist\u00e1n a Siria en esta terrible experiencia tendr\u00edan un buen impacto en el pueblo sirio\u201d, dijo el presidente al-Assad.<\/p>\n<p style=\"text-align: justify;\">Destac\u00f3 la importancia de desarrollar las relaciones bilaterales entre los dos pa\u00edses en todos los niveles y sobre la base de los intereses comunes de los dos pueblos amigos.<\/p>\n<p style=\"text-align: justify;\">A su vez, el embajador Zabidov indic\u00f3 que su visita confirma el apoyo de Tayikist\u00e1n a Siria y su disposici\u00f3n a brindar asistencia al pueblo sirio.<\/p>\n<p style=\"text-align: justify;\">\u201cEn tales desastres humanitarios, los pa\u00edses y pueblos del mundo deben apoyarse mutuamente\u201d, dijo el enviado.<br \/>\nExpres\u00f3 su confianza en que el pueblo de Siria sea capaz de superar este calvario con la misma determinaci\u00f3n y firmeza con que enfrent\u00f3 la guerra terrorista contra su pa\u00eds.<\/p>\n<p style=\"text-align: justify;\">Zabidov enfatiz\u00f3 la voluntad de Tayikist\u00e1n de trabajar para desarrollar las relaciones amistosas con Siria en \u00e1reas de inter\u00e9s com\u00fan.<\/p>\n<p style=\"text-align: justify;\">Consider\u00f3 que la seguridad y estabilidad de Siria son esenciales y necesarias para la seguridad y estabilidad de la regi\u00f3n de Medio Oriente.<\/p>\n<p style=\"text-align: justify;\">fm\/sm<\/p>\n","protected":false},"excerpt":{"rendered":"<p>El enviado especial del presidente tayiko expres\u00f3 su confianza en que el pueblo de Siria sea capaz de superar este calvario con la misma determinaci\u00f3n y firmeza con que enfrent\u00f3 la guerra terrorista contra su pa\u00eds. Damasco, 18 feb (SANA) El presidente Bashar al-Assad, recibi\u00f3 hoy un mensaje de condolencias y apoyo a Siria del &hellip;<\/p>\n","protected":false},"author":39,"featured_media":287897,"comment_status":"closed","ping_status":"closed","sticky":false,"template":"","format":"standard","meta":{"footnotes":""},"categories":[597,16237,467,583,626],"tags":[],"class_list":["post-287893","post","type-post","status-publish","format-standard","has-post-thumbnail","","category-cinta-de-noticias","category-presidence-de-la-republique-arabe-syria","category-siria-y-el-mundo","category-slide","category-sr-presidente"],"_links":{"self":[{"href":"https:\/\/archive.sana.sy\/es\/index.php?rest_route=\/wp\/v2\/posts\/287893"}],"collection":[{"href":"https:\/\/archive.sana.sy\/es\/index.php?rest_route=\/wp\/v2\/posts"}],"about":[{"href":"https:\/\/archive.sana.sy\/es\/index.php?rest_route=\/wp\/v2\/types\/post"}],"author":[{"embeddable":true,"href":"https:\/\/archive.sana.sy\/es\/index.php?rest_route=\/wp\/v2\/users\/39"}],"replies":[{"embeddable":true,"href":"https:\/\/archive.sana.sy\/es\/index.php?rest_route=%2Fwp%2Fv2%2Fcomments&post=287893"}],"version-history":[{"count":0,"href":"https:\/\/archive.sana.sy\/es\/index.php?rest_route=\/wp\/v2\/posts\/287893\/revisions"}],"wp:featuredmedia":[{"embeddable":true,"href":"https:\/\/archive.sana.sy\/es\/index.php?rest_route=\/wp\/v2\/media\/287897"}],"wp:attachment":[{"href":"https:\/\/archive.sana.sy\/es\/index.php?rest_route=%2Fwp%2Fv2%2Fmedia&parent=287893"}],"wp:term":[{"taxonomy":"category","embeddable":true,"href":"https:\/\/archive.sana.sy\/es\/index.php?rest_route=%2Fwp%2Fv2%2Fcategories&post=287893"},{"taxonomy":"post_tag","embeddable":true,"href":"https:\/\/archive.sana.sy\/es\/index.php?rest_route=%2Fwp%2Fv2%2Ftags&post=287893"}],"curies":[{"name":"wp","href":"https:\/\/api.w.org\/{rel}","templated":true}]}}