{"id":287900,"date":"2023-02-18T15:25:36","date_gmt":"2023-02-18T12:25:36","guid":{"rendered":"https:\/\/sana.sy\/es\/?p=287900"},"modified":"2023-02-18T15:25:36","modified_gmt":"2023-02-18T12:25:36","slug":"defensa-rusa-revela-perdidas-militares-de-ucrania-desde-inicio-de-la-operacion-especial","status":"publish","type":"post","link":"https:\/\/archive.sana.sy\/es\/?p=287900","title":{"rendered":"Defensa rusa revela p\u00e9rdidas militares de Ucrania desde inicio de la operaci\u00f3n especial"},"content":{"rendered":"<p style=\"text-align: justify;\"><span style=\"color: #800000;\"><strong>Mosc\u00fa, 18 feb (SANA)<\/strong>\u00a0<\/span> El Ministerio de Defensa de Rusia dio a conocer hoy que 385 aviones de combate, 210 helic\u00f3pteros y 3 mil 172 drones ucranianos fueron derribados desde el inicio de la operaci\u00f3n militar especial.<\/p>\n<p style=\"text-align: justify;\">En su informe diario sobre el transcurso de la operaci\u00f3n militar en Ucrania, agreg\u00f3 que 404 sistemas de misiles antia\u00e9reos, siete mil 915 tanques y blindados de combate y mil 28 veh\u00edculos de combate de los sistemas lanzamiento m\u00faltiple de misiles fueron destruidos.<\/p>\n<p style=\"text-align: justify;\">Tambi\u00e9n, quedaron inutilizados cuatro mil 133 piezas de artiller\u00eda y morteros y ocho mil 440 unidades de veh\u00edculos militares especiales.<\/p>\n<p style=\"text-align: justify;\">fm\/sm<\/p>\n","protected":false},"excerpt":{"rendered":"<p>Mosc\u00fa, 18 feb (SANA)\u00a0 El Ministerio de Defensa de Rusia dio a conocer hoy que 385 aviones de combate, 210 helic\u00f3pteros y 3 mil 172 drones ucranianos fueron derribados desde el inicio de la operaci\u00f3n militar especial. En su informe diario sobre el transcurso de la operaci\u00f3n militar en Ucrania, agreg\u00f3 que 404 sistemas de &hellip;<\/p>\n","protected":false},"author":39,"featured_media":287901,"comment_status":"closed","ping_status":"closed","sticky":false,"template":"","format":"standard","meta":{"footnotes":""},"categories":[597,456,16687,20724,7541],"tags":[],"class_list":["post-287900","post","type-post","status-publish","format-standard","has-post-thumbnail","","category-cinta-de-noticias","category-arabe-internacional-politica","category-internacionales","category-minuto-a-minuto","category-ultimas-noticias"],"_links":{"self":[{"href":"https:\/\/archive.sana.sy\/es\/index.php?rest_route=\/wp\/v2\/posts\/287900"}],"collection":[{"href":"https:\/\/archive.sana.sy\/es\/index.php?rest_route=\/wp\/v2\/posts"}],"about":[{"href":"https:\/\/archive.sana.sy\/es\/index.php?rest_route=\/wp\/v2\/types\/post"}],"author":[{"embeddable":true,"href":"https:\/\/archive.sana.sy\/es\/index.php?rest_route=\/wp\/v2\/users\/39"}],"replies":[{"embeddable":true,"href":"https:\/\/archive.sana.sy\/es\/index.php?rest_route=%2Fwp%2Fv2%2Fcomments&post=287900"}],"version-history":[{"count":0,"href":"https:\/\/archive.sana.sy\/es\/index.php?rest_route=\/wp\/v2\/posts\/287900\/revisions"}],"wp:featuredmedia":[{"embeddable":true,"href":"https:\/\/archive.sana.sy\/es\/index.php?rest_route=\/wp\/v2\/media\/287901"}],"wp:attachment":[{"href":"https:\/\/archive.sana.sy\/es\/index.php?rest_route=%2Fwp%2Fv2%2Fmedia&parent=287900"}],"wp:term":[{"taxonomy":"category","embeddable":true,"href":"https:\/\/archive.sana.sy\/es\/index.php?rest_route=%2Fwp%2Fv2%2Fcategories&post=287900"},{"taxonomy":"post_tag","embeddable":true,"href":"https:\/\/archive.sana.sy\/es\/index.php?rest_route=%2Fwp%2Fv2%2Ftags&post=287900"}],"curies":[{"name":"wp","href":"https:\/\/api.w.org\/{rel}","templated":true}]}}