{"id":287962,"date":"2023-02-18T19:16:53","date_gmt":"2023-02-18T16:16:53","guid":{"rendered":"https:\/\/sana.sy\/es\/?p=287962"},"modified":"2023-02-18T19:16:53","modified_gmt":"2023-02-18T16:16:53","slug":"iran-condena-crimen-de-daesh-que-causo-muerte-de-53-personas-en-el-centro-de-siria","status":"publish","type":"post","link":"https:\/\/archive.sana.sy\/es\/?p=287962","title":{"rendered":"Ir\u00e1n condena crimen de Daesh que caus\u00f3 muerte de 53 personas en el centro de Siria"},"content":{"rendered":"<p style=\"text-align: justify;\"><span style=\"color: #800000;\"><strong>Teher\u00e1n, 18 feb (SANA)\u00a0 \u00a0<\/strong><\/span>El portavoz del Ministerio de Relaciones Exteriores de Ir\u00e1n, Nasser Kanaani, conden\u00f3 hoy el crimen cometido por la organizaci\u00f3n terrorista Daesh en el campo oriental de la provincia de Homs, que provoc\u00f3 la muerte de m\u00e1s de 50 personas.<\/p>\n<p style=\"text-align: justify;\">Kanaani ofreci\u00f3 sus condolencias al gobierno y pueblo sirios, y enfatiz\u00f3 la necesidad de brindar apoyo internacional efectivo al gobierno sirio para luchar contra el Daesh y las otras organizaciones terroristas, inform\u00f3 la agencia iran\u00ed IRNA.<\/p>\n<p style=\"text-align: justify;\">\u201cLa administraci\u00f3n estadounidense, como es uno de los fundadores y partidarios de los terroristas de Daesh, es c\u00f3mplice de la continuaci\u00f3n de los cr\u00edmenes de esta organizaci\u00f3n y de la inseguridad en Siria\u201d, se\u00f1al\u00f3 Kanaani.<\/p>\n<p style=\"text-align: justify;\">Es de se\u00f1alar que 53 ciudadanos que recolectaban trufas murieron la v\u00edspera en un ataque llevado a cabo por terroristas de Daesh, al sureste de la ciudad de Al-Sukhna en el campo oriental de Homs.<\/p>\n<p style=\"text-align: justify;\">rr\/fm<\/p>\n","protected":false},"excerpt":{"rendered":"<p>Teher\u00e1n, 18 feb (SANA)\u00a0 \u00a0El portavoz del Ministerio de Relaciones Exteriores de Ir\u00e1n, Nasser Kanaani, conden\u00f3 hoy el crimen cometido por la organizaci\u00f3n terrorista Daesh en el campo oriental de la provincia de Homs, que provoc\u00f3 la muerte de m\u00e1s de 50 personas. Kanaani ofreci\u00f3 sus condolencias al gobierno y pueblo sirios, y enfatiz\u00f3 la &hellip;<\/p>\n","protected":false},"author":31,"featured_media":287964,"comment_status":"closed","ping_status":"closed","sticky":false,"template":"","format":"standard","meta":{"footnotes":""},"categories":[597,467,7541],"tags":[],"class_list":["post-287962","post","type-post","status-publish","format-standard","has-post-thumbnail","","category-cinta-de-noticias","category-siria-y-el-mundo","category-ultimas-noticias"],"_links":{"self":[{"href":"https:\/\/archive.sana.sy\/es\/index.php?rest_route=\/wp\/v2\/posts\/287962"}],"collection":[{"href":"https:\/\/archive.sana.sy\/es\/index.php?rest_route=\/wp\/v2\/posts"}],"about":[{"href":"https:\/\/archive.sana.sy\/es\/index.php?rest_route=\/wp\/v2\/types\/post"}],"author":[{"embeddable":true,"href":"https:\/\/archive.sana.sy\/es\/index.php?rest_route=\/wp\/v2\/users\/31"}],"replies":[{"embeddable":true,"href":"https:\/\/archive.sana.sy\/es\/index.php?rest_route=%2Fwp%2Fv2%2Fcomments&post=287962"}],"version-history":[{"count":0,"href":"https:\/\/archive.sana.sy\/es\/index.php?rest_route=\/wp\/v2\/posts\/287962\/revisions"}],"wp:featuredmedia":[{"embeddable":true,"href":"https:\/\/archive.sana.sy\/es\/index.php?rest_route=\/wp\/v2\/media\/287964"}],"wp:attachment":[{"href":"https:\/\/archive.sana.sy\/es\/index.php?rest_route=%2Fwp%2Fv2%2Fmedia&parent=287962"}],"wp:term":[{"taxonomy":"category","embeddable":true,"href":"https:\/\/archive.sana.sy\/es\/index.php?rest_route=%2Fwp%2Fv2%2Fcategories&post=287962"},{"taxonomy":"post_tag","embeddable":true,"href":"https:\/\/archive.sana.sy\/es\/index.php?rest_route=%2Fwp%2Fv2%2Ftags&post=287962"}],"curies":[{"name":"wp","href":"https:\/\/api.w.org\/{rel}","templated":true}]}}