{"id":287966,"date":"2023-02-18T19:22:45","date_gmt":"2023-02-18T16:22:45","guid":{"rendered":"https:\/\/sana.sy\/es\/?p=287966"},"modified":"2023-02-18T19:22:45","modified_gmt":"2023-02-18T16:22:45","slug":"alemanes-salen-a-las-calles-para-protestar-contra-el-suministro-de-armas-a-kiev","status":"publish","type":"post","link":"https:\/\/archive.sana.sy\/es\/?p=287966","title":{"rendered":"Alemanes salen a las calles para protestar contra el suministro de armas a Kiev"},"content":{"rendered":"<p style=\"text-align: justify;\"><span style=\"color: #800000;\"><strong>Berl\u00edn, 19 feb (SANA)\u00a0 \u00a0<\/strong><\/span>Varias manifestaciones fueron organizadas en la ciudad alemana de M\u00fanich en rechazo a la continuaci\u00f3n del suministro de armas al r\u00e9gimen de Kiev y reclamar el fin del conflicto en Ucrania.<\/p>\n<p style=\"text-align: justify;\">Las protestas se realizaron en paralelo con la Conferencia Mundial de Seguridad que se celebra actualmente, cuya tema central es el conflicto en Ucrania y el suministro de armas al r\u00e9gimen de Kiev.<\/p>\n<p style=\"text-align: justify;\">El diario alem\u00e1n \u201cS\u00fcddeutsche\u201d inform\u00f3 que se organizaron alrededor de 20 concentraciones y manifestaciones, con el objetivo de llamar la atenci\u00f3n de la comunidad internacional sobre la necesidad de dejar de enviar armas a Ucrania para poner fin al conflicto all\u00ed.<\/p>\n<p style=\"text-align: justify;\">Muchos manifestantes expresaron su apoyo a las posiciones rusas que rechazan la continuaci\u00f3n de las pol\u00edticas de hegemon\u00eda occidental.<\/p>\n<p style=\"text-align: justify;\">Las autoridades de M\u00fanich asignaron m\u00e1s de 4.500 polic\u00edas para asegurar la Conferencia en la que participaron l\u00edderes, altos pol\u00edticos y militares de muchos pa\u00edses.<\/p>\n<p style=\"text-align: justify;\">rr\/fm<\/p>\n","protected":false},"excerpt":{"rendered":"<p>Berl\u00edn, 19 feb (SANA)\u00a0 \u00a0Varias manifestaciones fueron organizadas en la ciudad alemana de M\u00fanich en rechazo a la continuaci\u00f3n del suministro de armas al r\u00e9gimen de Kiev y reclamar el fin del conflicto en Ucrania. Las protestas se realizaron en paralelo con la Conferencia Mundial de Seguridad que se celebra actualmente, cuya tema central es &hellip;<\/p>\n","protected":false},"author":31,"featured_media":287967,"comment_status":"closed","ping_status":"closed","sticky":false,"template":"","format":"standard","meta":{"footnotes":""},"categories":[456,16687],"tags":[],"class_list":["post-287966","post","type-post","status-publish","format-standard","has-post-thumbnail","","category-arabe-internacional-politica","category-internacionales"],"_links":{"self":[{"href":"https:\/\/archive.sana.sy\/es\/index.php?rest_route=\/wp\/v2\/posts\/287966"}],"collection":[{"href":"https:\/\/archive.sana.sy\/es\/index.php?rest_route=\/wp\/v2\/posts"}],"about":[{"href":"https:\/\/archive.sana.sy\/es\/index.php?rest_route=\/wp\/v2\/types\/post"}],"author":[{"embeddable":true,"href":"https:\/\/archive.sana.sy\/es\/index.php?rest_route=\/wp\/v2\/users\/31"}],"replies":[{"embeddable":true,"href":"https:\/\/archive.sana.sy\/es\/index.php?rest_route=%2Fwp%2Fv2%2Fcomments&post=287966"}],"version-history":[{"count":0,"href":"https:\/\/archive.sana.sy\/es\/index.php?rest_route=\/wp\/v2\/posts\/287966\/revisions"}],"wp:featuredmedia":[{"embeddable":true,"href":"https:\/\/archive.sana.sy\/es\/index.php?rest_route=\/wp\/v2\/media\/287967"}],"wp:attachment":[{"href":"https:\/\/archive.sana.sy\/es\/index.php?rest_route=%2Fwp%2Fv2%2Fmedia&parent=287966"}],"wp:term":[{"taxonomy":"category","embeddable":true,"href":"https:\/\/archive.sana.sy\/es\/index.php?rest_route=%2Fwp%2Fv2%2Fcategories&post=287966"},{"taxonomy":"post_tag","embeddable":true,"href":"https:\/\/archive.sana.sy\/es\/index.php?rest_route=%2Fwp%2Fv2%2Ftags&post=287966"}],"curies":[{"name":"wp","href":"https:\/\/api.w.org\/{rel}","templated":true}]}}