{"id":288026,"date":"2023-02-19T10:49:40","date_gmt":"2023-02-19T07:49:40","guid":{"rendered":"https:\/\/sana.sy\/es\/?p=288026"},"modified":"2023-02-19T10:51:26","modified_gmt":"2023-02-19T07:51:26","slug":"encendimos-la-mecha-y-la-tiramos-alli-seymour-hersh-responsabiliza-a-eeuu-de-provocar-el-conflicto-en-ucrania","status":"publish","type":"post","link":"https:\/\/archive.sana.sy\/es\/?p=288026","title":{"rendered":"&#8220;Encendimos la mecha y la tiramos all\u00ed&#8221;, Seymour Hersh responsabiliza a EEUU de provocar el conflicto en Ucrania"},"content":{"rendered":"<blockquote>\n<p style=\"text-align: justify;\"><span style=\"color: #ff0000;\"><strong>&#8220;fue un suicidio pensar que se puede ganar esta guerra, que Ucrania puede ganar esta guerra porque simplemente hay demasiada corrupci\u00f3n. Fue una decisi\u00f3n muy mala&#8221;<\/strong><\/span><\/p>\n<\/blockquote>\n<p style=\"text-align: justify;\"><span style=\"color: #800000;\"><strong>Washington, 19 feb (SANA)\u00a0<\/strong><\/span> El reconocido periodista e investigador estadounidense Seymour Hersh consider\u00f3 que Washington no deb\u00eda provocar el conflicto en Ucrania .<\/p>\n<p style=\"text-align: justify;\">&#8220;Encendimos la mecha y la tiramos all\u00ed&#8221;, expres\u00f3 Hersh durante una entrevista con CN Live, que fue citada por RT.<\/p>\n<p style=\"text-align: justify;\">Responsabiliz\u00f3 al secretario de Estado, Antony Blinken; al asesor de Seguridad Nacional de la Casa Blanca, Jake Sullivan; y a la subsecretaria de Estado, Victoria Nuland, a quienes calific\u00f3 de &#8220;halcones&#8221; que &#8220;tienen odio duradero hacia Putin, y es casi personal&#8221;.<\/p>\n<p style=\"text-align: justify;\">&#8220;De hecho, dejaron plantados a la OTAN y Europa, dici\u00e9ndoles que van a tratar de ganar esta guerra con un Gobierno totalmente corrupto&#8221;, a\u00f1adi\u00f3 el periodista.<\/p>\n<p style=\"text-align: justify;\">Asegur\u00f3 que &#8220;fue un suicidio pensar que se puede ganar esta guerra, que Ucrania puede ganar esta guerra porque simplemente hay demasiada corrupci\u00f3n. Fue una decisi\u00f3n muy mala&#8221;.<\/p>\n<p style=\"text-align: justify;\">El periodista mencion\u00f3 que Kiev celebr\u00f3 el mes pasado el cumplea\u00f1os de Step\u00e1n Bandera, l\u00edder ultranacionalista ucraniano glorificado por el r\u00e9gimen actual del pa\u00eds eslavo, cuya organizaci\u00f3n fue responsable de las matanzas de jud\u00edos y polacos durante la Segunda Guerra Mundial.<\/p>\n<p style=\"text-align: justify;\"><em><strong>fm\/ws<\/strong><\/em><\/p>\n","protected":false},"excerpt":{"rendered":"<p>&#8220;fue un suicidio pensar que se puede ganar esta guerra, que Ucrania puede ganar esta guerra porque simplemente hay demasiada corrupci\u00f3n. Fue una decisi\u00f3n muy mala&#8221; Washington, 19 feb (SANA)\u00a0 El reconocido periodista e investigador estadounidense Seymour Hersh consider\u00f3 que Washington no deb\u00eda provocar el conflicto en Ucrania . &#8220;Encendimos la mecha y la tiramos &hellip;<\/p>\n","protected":false},"author":35,"featured_media":288028,"comment_status":"closed","ping_status":"closed","sticky":false,"template":"","format":"standard","meta":{"footnotes":""},"categories":[597,456,16687,20724,7541],"tags":[],"class_list":["post-288026","post","type-post","status-publish","format-standard","has-post-thumbnail","","category-cinta-de-noticias","category-arabe-internacional-politica","category-internacionales","category-minuto-a-minuto","category-ultimas-noticias"],"_links":{"self":[{"href":"https:\/\/archive.sana.sy\/es\/index.php?rest_route=\/wp\/v2\/posts\/288026"}],"collection":[{"href":"https:\/\/archive.sana.sy\/es\/index.php?rest_route=\/wp\/v2\/posts"}],"about":[{"href":"https:\/\/archive.sana.sy\/es\/index.php?rest_route=\/wp\/v2\/types\/post"}],"author":[{"embeddable":true,"href":"https:\/\/archive.sana.sy\/es\/index.php?rest_route=\/wp\/v2\/users\/35"}],"replies":[{"embeddable":true,"href":"https:\/\/archive.sana.sy\/es\/index.php?rest_route=%2Fwp%2Fv2%2Fcomments&post=288026"}],"version-history":[{"count":0,"href":"https:\/\/archive.sana.sy\/es\/index.php?rest_route=\/wp\/v2\/posts\/288026\/revisions"}],"wp:featuredmedia":[{"embeddable":true,"href":"https:\/\/archive.sana.sy\/es\/index.php?rest_route=\/wp\/v2\/media\/288028"}],"wp:attachment":[{"href":"https:\/\/archive.sana.sy\/es\/index.php?rest_route=%2Fwp%2Fv2%2Fmedia&parent=288026"}],"wp:term":[{"taxonomy":"category","embeddable":true,"href":"https:\/\/archive.sana.sy\/es\/index.php?rest_route=%2Fwp%2Fv2%2Fcategories&post=288026"},{"taxonomy":"post_tag","embeddable":true,"href":"https:\/\/archive.sana.sy\/es\/index.php?rest_route=%2Fwp%2Fv2%2Ftags&post=288026"}],"curies":[{"name":"wp","href":"https:\/\/api.w.org\/{rel}","templated":true}]}}