{"id":288053,"date":"2023-02-19T13:57:12","date_gmt":"2023-02-19T10:57:12","guid":{"rendered":"https:\/\/sana.sy\/es\/?p=288053"},"modified":"2023-02-19T14:48:59","modified_gmt":"2023-02-19T11:48:59","slug":"declaracion-de-la-cancilleria-siria-sobre-la-reciente-agresion-israeli-con-misiles-contra-damasco","status":"publish","type":"post","link":"https:\/\/archive.sana.sy\/es\/?p=288053","title":{"rendered":"Declaraci\u00f3n de la Canciller\u00eda siria sobre la reciente agresi\u00f3n israel\u00ed con misiles contra Damasco"},"content":{"rendered":"<blockquote>\n<p style=\"text-align: justify;\"><span style=\"color: #ff0000;\"><strong>&#8220;En momentos en que Siria sanaba sus heridas, enterraba a sus m\u00e1rtires y recib\u00eda condolencias, solidaridad y apoyo humanitario internacional ante el devastador terremoto, &#8220;Israel&#8221; lanz\u00f3 en la madrugada de hoy una agresi\u00f3n a\u00e9rea contra barrios residenciales habitados por civiles en Damasco, lo que provoc\u00f3 la muerte inicial de 5 personas y heridas a 15 civiles, adem\u00e1s de la destrucci\u00f3n de varias casas&#8221;<\/strong><\/span><\/p>\n<\/blockquote>\n<p style=\"text-align: justify;\"><span style=\"color: #800000;\"><strong>Damasco, 19 feb (SANA)\u00a0<\/strong><\/span> \u00a0 El Ministerio de Asuntos Exteriores y Expatriados denunci\u00f3 hoy el bombardeo israel\u00ed perpetrado esta madrugada contra Damasco y que caus\u00f3 la muerte de cinco civiles y lesiones a otros 15.<\/p>\n<p style=\"text-align: justify;\">&#8220;En momentos en que Siria sanaba sus heridas, enterraba a sus m\u00e1rtires y recib\u00eda condolencias, solidaridad y apoyo humanitario internacional ante el devastador terremoto, &#8220;Israel&#8221; lanz\u00f3 en la madrugada de hoy una agresi\u00f3n a\u00e9rea contra barrios residenciales habitados por civiles en Damasco, lo que provoc\u00f3 la muerte inicial de 5 personas y heridas a 15 civiles, adem\u00e1s de la destrucci\u00f3n de varias casas&#8221;, afirm\u00f3 el Ministerio de Asuntos Exteriores y Expatriados por medio de una declaraci\u00f3n emitida hoy.<\/p>\n<p style=\"text-align: justify;\">El comunicado asegur\u00f3 que la agresi\u00f3n ocurre en el contexto de los ataques israel\u00edes sistem\u00e1ticos contra objetivos civiles sirios, incluidos hogares, centros de servicio, aeropuertos y puertos, e intimida a los sirios que a\u00fan sufren los efectos catastr\u00f3ficos del terremoto y trabajan para apoyar a sus compatriotas.<\/p>\n<p style=\"text-align: justify;\">Esta acci\u00f3n hostil coincide con los ataques perpetrados por la organizaci\u00f3n terrorista Daesh y que cobraron la vida de decenas de civiles inocentes en el este de la gobernaci\u00f3n de Homs, afirm\u00f3 Canciller\u00eda.<\/p>\n<p style=\"text-align: justify;\">Seg\u00fan afirm\u00f3 el Ministerio, \u201cla continuaci\u00f3n de estos brutales ataques y cr\u00edmenes contra el pueblo palestino y sirio constituye una amenaza expl\u00edcita para la paz y la seguridad en la regi\u00f3n y requiere una acci\u00f3n internacional urgente para detener las acciones hostiles israel\u00edes en territorio sirio\u201d.<\/p>\n<p style=\"text-align: justify;\">\u201cSiria espera que la Secretar\u00eda de las Naciones Unidas y el Consejo de Seguridad condenen los ataques y cr\u00edmenes israel\u00edes y tomen las medidas necesarias para disuadirlos, y que sus perpetradores rindan cuentas, y garantizar que no se repitan\u201d, concluy\u00f3 Canciller\u00eda su declaraci\u00f3n.<\/p>\n<p style=\"text-align: justify;\"><strong>fm\/ed<\/strong><\/p>\n","protected":false},"excerpt":{"rendered":"<p>&#8220;En momentos en que Siria sanaba sus heridas, enterraba a sus m\u00e1rtires y recib\u00eda condolencias, solidaridad y apoyo humanitario internacional ante el devastador terremoto, &#8220;Israel&#8221; lanz\u00f3 en la madrugada de hoy una agresi\u00f3n a\u00e9rea contra barrios residenciales habitados por civiles en Damasco, lo que provoc\u00f3 la muerte inicial de 5 personas y heridas a 15 &hellip;<\/p>\n","protected":false},"author":32,"featured_media":288054,"comment_status":"closed","ping_status":"closed","sticky":false,"template":"","format":"standard","meta":{"footnotes":""},"categories":[477,597,476,583],"tags":[],"class_list":["post-288053","post","type-post","status-publish","format-standard","has-post-thumbnail","","category-noticias-edulcorantes","category-cinta-de-noticias","category-locales","category-slide"],"_links":{"self":[{"href":"https:\/\/archive.sana.sy\/es\/index.php?rest_route=\/wp\/v2\/posts\/288053"}],"collection":[{"href":"https:\/\/archive.sana.sy\/es\/index.php?rest_route=\/wp\/v2\/posts"}],"about":[{"href":"https:\/\/archive.sana.sy\/es\/index.php?rest_route=\/wp\/v2\/types\/post"}],"author":[{"embeddable":true,"href":"https:\/\/archive.sana.sy\/es\/index.php?rest_route=\/wp\/v2\/users\/32"}],"replies":[{"embeddable":true,"href":"https:\/\/archive.sana.sy\/es\/index.php?rest_route=%2Fwp%2Fv2%2Fcomments&post=288053"}],"version-history":[{"count":0,"href":"https:\/\/archive.sana.sy\/es\/index.php?rest_route=\/wp\/v2\/posts\/288053\/revisions"}],"wp:featuredmedia":[{"embeddable":true,"href":"https:\/\/archive.sana.sy\/es\/index.php?rest_route=\/wp\/v2\/media\/288054"}],"wp:attachment":[{"href":"https:\/\/archive.sana.sy\/es\/index.php?rest_route=%2Fwp%2Fv2%2Fmedia&parent=288053"}],"wp:term":[{"taxonomy":"category","embeddable":true,"href":"https:\/\/archive.sana.sy\/es\/index.php?rest_route=%2Fwp%2Fv2%2Fcategories&post=288053"},{"taxonomy":"post_tag","embeddable":true,"href":"https:\/\/archive.sana.sy\/es\/index.php?rest_route=%2Fwp%2Fv2%2Ftags&post=288053"}],"curies":[{"name":"wp","href":"https:\/\/api.w.org\/{rel}","templated":true}]}}