{"id":288057,"date":"2023-02-19T14:50:23","date_gmt":"2023-02-19T11:50:23","guid":{"rendered":"http:\/\/107.6.182.27\/es\/?p=288057"},"modified":"2023-02-19T14:50:23","modified_gmt":"2023-02-19T11:50:23","slug":"ministro-de-defensa-de-siria-recibe-a-enviado-del-ministro-de-defensa-iraqui","status":"publish","type":"post","link":"https:\/\/archive.sana.sy\/es\/?p=288057","title":{"rendered":"Ministro de Defensa de Siria recibe a enviado del Ministro de Defensa iraqu\u00ed"},"content":{"rendered":"<p style=\"text-align: justify;\"><span style=\"color: #800000;\"><strong>Damasco, 19 feb (SANA)<\/strong><\/span> El subcomandante del Ej\u00e9rcito y las Fuerzas Armadas y ministro de Defensa de Siria, el teniente general Ali Mahmoud Abbas, recibi\u00f3 hoy en Damasco al mayor general Mazen Hamid Shalal Mahdi, el enviado del Ministro de Defensa iraqu\u00ed.<\/p>\n<p style=\"text-align: justify;\">En un comunicado publicado en su sitio web, el Ministerio sirio inform\u00f3 que el alto mando iraqu\u00ed transmiti\u00f3 las condolencias del Ministro de Defensa iraqu\u00ed y su m\u00e1s sentido p\u00e9same por las v\u00edctimas del devastador terremoto que asol\u00f3 recientemente varias gobernaciones sirias.<\/p>\n<p style=\"text-align: justify;\">Reiter\u00f3 la solidaridad y disposici\u00f3n de Bagdad para brindar todo el apoyo y la asistencia posibles para aliviar los impactos de la cat\u00e1strofe humanitaria sobre el pueblo sirio.<\/p>\n<p style=\"text-align: justify;\">Por su parte, el Ministro de Defensa sirio valor\u00f3 las posiciones del pueblo y gobierno iraqu\u00edes, y destac\u00f3 las hist\u00f3ricas relaciones fraternales entre los dos pa\u00edses hermanos, que se plasman hoy en d\u00eda en la ayuda ofrecida al pueblo sirio para hacer frente a esta terrible experiencia.<\/p>\n<p style=\"text-align: justify;\">fm\/as<\/p>\n","protected":false},"excerpt":{"rendered":"<p>Damasco, 19 feb (SANA) El subcomandante del Ej\u00e9rcito y las Fuerzas Armadas y ministro de Defensa de Siria, el teniente general Ali Mahmoud Abbas, recibi\u00f3 hoy en Damasco al mayor general Mazen Hamid Shalal Mahdi, el enviado del Ministro de Defensa iraqu\u00ed. En un comunicado publicado en su sitio web, el Ministerio sirio inform\u00f3 que &hellip;<\/p>\n","protected":false},"author":42,"featured_media":288059,"comment_status":"closed","ping_status":"closed","sticky":false,"template":"","format":"standard","meta":{"footnotes":""},"categories":[597,20724,467,7541],"tags":[],"class_list":["post-288057","post","type-post","status-publish","format-standard","has-post-thumbnail","","category-cinta-de-noticias","category-minuto-a-minuto","category-siria-y-el-mundo","category-ultimas-noticias"],"_links":{"self":[{"href":"https:\/\/archive.sana.sy\/es\/index.php?rest_route=\/wp\/v2\/posts\/288057"}],"collection":[{"href":"https:\/\/archive.sana.sy\/es\/index.php?rest_route=\/wp\/v2\/posts"}],"about":[{"href":"https:\/\/archive.sana.sy\/es\/index.php?rest_route=\/wp\/v2\/types\/post"}],"author":[{"embeddable":true,"href":"https:\/\/archive.sana.sy\/es\/index.php?rest_route=\/wp\/v2\/users\/42"}],"replies":[{"embeddable":true,"href":"https:\/\/archive.sana.sy\/es\/index.php?rest_route=%2Fwp%2Fv2%2Fcomments&post=288057"}],"version-history":[{"count":0,"href":"https:\/\/archive.sana.sy\/es\/index.php?rest_route=\/wp\/v2\/posts\/288057\/revisions"}],"wp:featuredmedia":[{"embeddable":true,"href":"https:\/\/archive.sana.sy\/es\/index.php?rest_route=\/wp\/v2\/media\/288059"}],"wp:attachment":[{"href":"https:\/\/archive.sana.sy\/es\/index.php?rest_route=%2Fwp%2Fv2%2Fmedia&parent=288057"}],"wp:term":[{"taxonomy":"category","embeddable":true,"href":"https:\/\/archive.sana.sy\/es\/index.php?rest_route=%2Fwp%2Fv2%2Fcategories&post=288057"},{"taxonomy":"post_tag","embeddable":true,"href":"https:\/\/archive.sana.sy\/es\/index.php?rest_route=%2Fwp%2Fv2%2Ftags&post=288057"}],"curies":[{"name":"wp","href":"https:\/\/api.w.org\/{rel}","templated":true}]}}