{"id":288062,"date":"2023-02-19T15:17:06","date_gmt":"2023-02-19T12:17:06","guid":{"rendered":"https:\/\/sana.sy\/es\/?p=288062"},"modified":"2023-02-19T15:20:32","modified_gmt":"2023-02-19T12:20:32","slug":"energica-condena-de-iran-a-la-agresion-israeli-contra-damasco","status":"publish","type":"post","link":"https:\/\/archive.sana.sy\/es\/?p=288062","title":{"rendered":"En\u00e9rgica condena de Ir\u00e1n a la agresi\u00f3n israel\u00ed contra Damasco"},"content":{"rendered":"<p style=\"text-align: justify;\"><span style=\"color: #800000;\"><strong>Teher\u00e1n, 19 feb (SANA)\u00a0<\/strong> <\/span>\u00a0Ir\u00e1n denunci\u00f3 la reciente agresi\u00f3n israel\u00ed perpetrada con misiles contra algunos puntos en la ciudad de Damasco y sus alrededores.<\/p>\n<p style=\"text-align: justify;\">Seg\u00fan declar\u00f3 el portavoz del Ministerio de Relaciones Exteriores de Ir\u00e1n, Nasser Kanaani, los ataques israel\u00edes contra Siria, por un lado, y los cr\u00edmenes cometidos por el Estado Isl\u00e1mico (Daesh en \u00e1rabe ), por otro lado, revelan la relaci\u00f3n natural e inherente entre ellos en medio de una crisis humanitaria que sufre Siria tras el terremoto.<\/p>\n<p style=\"text-align: justify;\">El vocero critic\u00f3 el silencio de los pa\u00edses occidentales ante las repetidas violaciones del r\u00e9gimen sionista contra el territorio sirio as\u00ed como exigi\u00f3 a la comunidad internacional, especialmente al Consejo de Seguridad de la ONU, que tome medidas inmediatas para poner fin a estos cr\u00edmenes\u0632<\/p>\n<p style=\"text-align: justify;\">En las primeras horas de este domingo, cinco personas perdieron la vida, incluido un soldado, mientras 15 civiles resultaron heridos por una nueva agresi\u00f3n israel\u00ed contra Damasco.<\/p>\n<p style=\"text-align: justify;\"><strong>ws\/fm<\/strong><\/p>\n","protected":false},"excerpt":{"rendered":"<p>Teher\u00e1n, 19 feb (SANA)\u00a0 \u00a0Ir\u00e1n denunci\u00f3 la reciente agresi\u00f3n israel\u00ed perpetrada con misiles contra algunos puntos en la ciudad de Damasco y sus alrededores. Seg\u00fan declar\u00f3 el portavoz del Ministerio de Relaciones Exteriores de Ir\u00e1n, Nasser Kanaani, los ataques israel\u00edes contra Siria, por un lado, y los cr\u00edmenes cometidos por el Estado Isl\u00e1mico (Daesh en &hellip;<\/p>\n","protected":false},"author":35,"featured_media":288063,"comment_status":"closed","ping_status":"closed","sticky":false,"template":"","format":"standard","meta":{"footnotes":""},"categories":[477,447,597,20724,467,7541],"tags":[],"class_list":["post-288062","post","type-post","status-publish","format-standard","has-post-thumbnail","","category-noticias-edulcorantes","category-local-politica","category-cinta-de-noticias","category-minuto-a-minuto","category-siria-y-el-mundo","category-ultimas-noticias"],"_links":{"self":[{"href":"https:\/\/archive.sana.sy\/es\/index.php?rest_route=\/wp\/v2\/posts\/288062"}],"collection":[{"href":"https:\/\/archive.sana.sy\/es\/index.php?rest_route=\/wp\/v2\/posts"}],"about":[{"href":"https:\/\/archive.sana.sy\/es\/index.php?rest_route=\/wp\/v2\/types\/post"}],"author":[{"embeddable":true,"href":"https:\/\/archive.sana.sy\/es\/index.php?rest_route=\/wp\/v2\/users\/35"}],"replies":[{"embeddable":true,"href":"https:\/\/archive.sana.sy\/es\/index.php?rest_route=%2Fwp%2Fv2%2Fcomments&post=288062"}],"version-history":[{"count":0,"href":"https:\/\/archive.sana.sy\/es\/index.php?rest_route=\/wp\/v2\/posts\/288062\/revisions"}],"wp:featuredmedia":[{"embeddable":true,"href":"https:\/\/archive.sana.sy\/es\/index.php?rest_route=\/wp\/v2\/media\/288063"}],"wp:attachment":[{"href":"https:\/\/archive.sana.sy\/es\/index.php?rest_route=%2Fwp%2Fv2%2Fmedia&parent=288062"}],"wp:term":[{"taxonomy":"category","embeddable":true,"href":"https:\/\/archive.sana.sy\/es\/index.php?rest_route=%2Fwp%2Fv2%2Fcategories&post=288062"},{"taxonomy":"post_tag","embeddable":true,"href":"https:\/\/archive.sana.sy\/es\/index.php?rest_route=%2Fwp%2Fv2%2Ftags&post=288062"}],"curies":[{"name":"wp","href":"https:\/\/api.w.org\/{rel}","templated":true}]}}