{"id":288118,"date":"2023-02-19T17:00:41","date_gmt":"2023-02-19T14:00:41","guid":{"rendered":"https:\/\/sana.sy\/es\/?p=288118"},"modified":"2023-02-19T17:00:41","modified_gmt":"2023-02-19T14:00:41","slug":"rusia-se-pronuncia-respecto-al-ataque-israeli-con-misiles-contra-damasco","status":"publish","type":"post","link":"https:\/\/archive.sana.sy\/es\/?p=288118","title":{"rendered":"Rusia se pronuncia respecto al ataque israel\u00ed con misiles contra Damasco"},"content":{"rendered":"<blockquote>\n<p style=\"text-align: justify;\"><strong>&#8220;Creemos que la continuaci\u00f3n de una pr\u00e1ctica tan despiadada es totalmente inaceptable, especialmente en un momento en el que muchos pa\u00edses de todo el mundo, incluida Rusia, est\u00e1n ayudando activamente a Siria a superar el devastador terremoto&#8221;<\/strong><\/p>\n<\/blockquote>\n<p style=\"text-align: justify;\">Mosc\u00fa, 19 feb (SANA) Rusia conden\u00f3 hoy en\u00e9rgicamente los ataques israel\u00edes contra Damasco y sus alrededores, y asegur\u00f3 que este bombardeo constituye una flagrante violaci\u00f3n del derecho internacional y tiene graves consecuencias para la regi\u00f3n.<\/p>\n<p style=\"text-align: justify;\">&#8220;Condenamos en\u00e9rgicamente la acci\u00f3n de fuerza emprendida por Israel, que constituye una violaci\u00f3n flagrante del derecho internacional. Instamos a Israel a poner fin a las provocaciones armadas contra Siria y que se abstenga de dar pasos que podr\u00edan tener consecuencias peligrosas para toda la regi\u00f3n&#8221;, advirti\u00f3 la vocera de la Canciller\u00eda rusa, Mar\u00eda Zaj\u00e1rova.<\/p>\n<p style=\"text-align: justify;\">\nAgreg\u00f3 que la actitud de Israel es despreciable e inaceptable teniendo en cuenta la crisis humanitaria que Siria enfrenta debido al terremoto.<\/p>\n<p style=\"text-align: justify;\">&#8220;Creemos que la continuaci\u00f3n de una pr\u00e1ctica tan despiadada es totalmente inaceptable, especialmente en un momento en el que muchos pa\u00edses de todo el mundo, incluida Rusia, est\u00e1n ayudando activamente a Siria a superar el devastador terremoto&#8221;, asegur\u00f3 la vocera.<\/p>\n<p style=\"text-align: justify;\">ed\/fm<\/p>\n","protected":false},"excerpt":{"rendered":"<p>&#8220;Creemos que la continuaci\u00f3n de una pr\u00e1ctica tan despiadada es totalmente inaceptable, especialmente en un momento en el que muchos pa\u00edses de todo el mundo, incluida Rusia, est\u00e1n ayudando activamente a Siria a superar el devastador terremoto&#8221; Mosc\u00fa, 19 feb (SANA) Rusia conden\u00f3 hoy en\u00e9rgicamente los ataques israel\u00edes contra Damasco y sus alrededores, y asegur\u00f3 &hellip;<\/p>\n","protected":false},"author":32,"featured_media":288119,"comment_status":"closed","ping_status":"closed","sticky":false,"template":"","format":"standard","meta":{"footnotes":""},"categories":[597,467,7541],"tags":[],"class_list":["post-288118","post","type-post","status-publish","format-standard","has-post-thumbnail","","category-cinta-de-noticias","category-siria-y-el-mundo","category-ultimas-noticias"],"_links":{"self":[{"href":"https:\/\/archive.sana.sy\/es\/index.php?rest_route=\/wp\/v2\/posts\/288118"}],"collection":[{"href":"https:\/\/archive.sana.sy\/es\/index.php?rest_route=\/wp\/v2\/posts"}],"about":[{"href":"https:\/\/archive.sana.sy\/es\/index.php?rest_route=\/wp\/v2\/types\/post"}],"author":[{"embeddable":true,"href":"https:\/\/archive.sana.sy\/es\/index.php?rest_route=\/wp\/v2\/users\/32"}],"replies":[{"embeddable":true,"href":"https:\/\/archive.sana.sy\/es\/index.php?rest_route=%2Fwp%2Fv2%2Fcomments&post=288118"}],"version-history":[{"count":0,"href":"https:\/\/archive.sana.sy\/es\/index.php?rest_route=\/wp\/v2\/posts\/288118\/revisions"}],"wp:featuredmedia":[{"embeddable":true,"href":"https:\/\/archive.sana.sy\/es\/index.php?rest_route=\/wp\/v2\/media\/288119"}],"wp:attachment":[{"href":"https:\/\/archive.sana.sy\/es\/index.php?rest_route=%2Fwp%2Fv2%2Fmedia&parent=288118"}],"wp:term":[{"taxonomy":"category","embeddable":true,"href":"https:\/\/archive.sana.sy\/es\/index.php?rest_route=%2Fwp%2Fv2%2Fcategories&post=288118"},{"taxonomy":"post_tag","embeddable":true,"href":"https:\/\/archive.sana.sy\/es\/index.php?rest_route=%2Fwp%2Fv2%2Ftags&post=288118"}],"curies":[{"name":"wp","href":"https:\/\/api.w.org\/{rel}","templated":true}]}}