{"id":288123,"date":"2023-02-19T17:22:26","date_gmt":"2023-02-19T14:22:26","guid":{"rendered":"http:\/\/107.6.182.27\/es\/?p=288123"},"modified":"2023-02-19T18:46:50","modified_gmt":"2023-02-19T15:46:50","slug":"canciller-sirio-se-reune-con-embajadores-y-jefes-de-misiones-diplomaticas-acreditadas-en-siria-y-pide-condena-a-agresion-israeli","status":"publish","type":"post","link":"https:\/\/archive.sana.sy\/es\/?p=288123","title":{"rendered":"Canciller se re\u00fane con urgencia con los embajadores acreditados en Siria, \u00bfde qu\u00e9 tema se trat\u00f3?"},"content":{"rendered":"<p style=\"text-align: justify;\"><span style=\"color: #800000;\"><strong>Damasco, 19 feb (SANA)<\/strong> <\/span>El ministro de Asuntos Exteriores y Expatriados, Faisal Al-Mekdad, se reuni\u00f3 hoy en la sede de la Canciller\u00eda con los embajadores y jefes de las misiones diplom\u00e1ticas acreditadas en Siria y pidi\u00f3 una condena urgente a la agresi\u00f3n israel\u00ed.<\/p>\n<p style=\"text-align: justify;\">Es necesaria una condena urgente a la agresi\u00f3n para disuadir a esta entidad e impedir que se siga persistiendo en el asesinato de civiles y la violaci\u00f3n de la soberan\u00eda de estados, afirm\u00f3 el Canciller.<\/p>\n<p style=\"text-align: justify;\">Calific\u00f3 esta acci\u00f3n hostil de un crimen contra la humanidad, teniendo en cuenta que Siria est\u00e1 corriendo contrarreloj para hacer frente a las desastrosas consecuencias del devastador terremoto.<\/p>\n<p style=\"text-align: justify;\">El fracaso de la comunidad internacional en detener estas acciones criminales alienta a Israel a cometer m\u00e1s cr\u00edmenes y matar m\u00e1s vidas inocentes, dijo el jefe de la diplomacia siria.<\/p>\n<p style=\"text-align: justify;\">Consider\u00f3 que la persistencia del gobierno terrorista de Israel con sus brutales ataques y cr\u00edmenes contra el pueblo palestino y sirio constituye una amenaza expl\u00edcita para la paz y la seguridad en la regi\u00f3n y m\u00e1s all\u00e1.<\/p>\n<p style=\"text-align: justify;\">Consider\u00f3 que existe un v\u00ednculo claro entre la organizaci\u00f3n terrorista Daesh e \u201cIsrael\u201d, ya que la masacre cometida por Daesh en el este de Homs y la agresi\u00f3n israel\u00ed coincidieron en el tiempo.<\/p>\n<p style=\"text-align: justify;\">Inst\u00f3 al Secretario General de las Naciones Unidas y al Consejo de Seguridad que intervengan de inmediato para condenar a \u201cIsrael\u201d y responsabilizarlo de este crimen, adem\u00e1s de presionar para que se levanten las medidas coercitivas unilaterales impuestas a Siria, que impiden que lleguen al pa\u00eds equipos m\u00e9dicos, medicinas y dispositivos m\u00e9dicos necesarios para salvar vidas inocentes.<\/p>\n<p style=\"text-align: justify;\">fm\/as<\/p>\n","protected":false},"excerpt":{"rendered":"<p>Damasco, 19 feb (SANA) El ministro de Asuntos Exteriores y Expatriados, Faisal Al-Mekdad, se reuni\u00f3 hoy en la sede de la Canciller\u00eda con los embajadores y jefes de las misiones diplom\u00e1ticas acreditadas en Siria y pidi\u00f3 una condena urgente a la agresi\u00f3n israel\u00ed. Es necesaria una condena urgente a la agresi\u00f3n para disuadir a esta &hellip;<\/p>\n","protected":false},"author":42,"featured_media":288124,"comment_status":"closed","ping_status":"closed","sticky":false,"template":"","format":"standard","meta":{"footnotes":""},"categories":[477,597,583],"tags":[],"class_list":["post-288123","post","type-post","status-publish","format-standard","has-post-thumbnail","","category-noticias-edulcorantes","category-cinta-de-noticias","category-slide"],"_links":{"self":[{"href":"https:\/\/archive.sana.sy\/es\/index.php?rest_route=\/wp\/v2\/posts\/288123"}],"collection":[{"href":"https:\/\/archive.sana.sy\/es\/index.php?rest_route=\/wp\/v2\/posts"}],"about":[{"href":"https:\/\/archive.sana.sy\/es\/index.php?rest_route=\/wp\/v2\/types\/post"}],"author":[{"embeddable":true,"href":"https:\/\/archive.sana.sy\/es\/index.php?rest_route=\/wp\/v2\/users\/42"}],"replies":[{"embeddable":true,"href":"https:\/\/archive.sana.sy\/es\/index.php?rest_route=%2Fwp%2Fv2%2Fcomments&post=288123"}],"version-history":[{"count":0,"href":"https:\/\/archive.sana.sy\/es\/index.php?rest_route=\/wp\/v2\/posts\/288123\/revisions"}],"wp:featuredmedia":[{"embeddable":true,"href":"https:\/\/archive.sana.sy\/es\/index.php?rest_route=\/wp\/v2\/media\/288124"}],"wp:attachment":[{"href":"https:\/\/archive.sana.sy\/es\/index.php?rest_route=%2Fwp%2Fv2%2Fmedia&parent=288123"}],"wp:term":[{"taxonomy":"category","embeddable":true,"href":"https:\/\/archive.sana.sy\/es\/index.php?rest_route=%2Fwp%2Fv2%2Fcategories&post=288123"},{"taxonomy":"post_tag","embeddable":true,"href":"https:\/\/archive.sana.sy\/es\/index.php?rest_route=%2Fwp%2Fv2%2Ftags&post=288123"}],"curies":[{"name":"wp","href":"https:\/\/api.w.org\/{rel}","templated":true}]}}