{"id":288131,"date":"2023-02-19T18:20:49","date_gmt":"2023-02-19T15:20:49","guid":{"rendered":"http:\/\/107.6.182.27\/es\/?p=288131"},"modified":"2023-02-19T18:20:49","modified_gmt":"2023-02-19T15:20:49","slug":"cancilleria-libanesa-condena-ataque-israeli-contra-siria","status":"publish","type":"post","link":"https:\/\/archive.sana.sy\/es\/?p=288131","title":{"rendered":"Canciller\u00eda libanesa condena ataque israel\u00ed contra Siria"},"content":{"rendered":"<blockquote>\n<p style=\"text-align: justify;\"><span style=\"color: #000000;\"><em><strong>\u201cEste ataque flagrante refleja la persistencia de Israel en violar las reglas m\u00e1s b\u00e1sicas del derecho internacional y reafirma su indiferencia hacia el sufrimiento humano, especialmente en tiempos de tragedias\u201d<\/strong><\/em><\/span><\/p>\n<\/blockquote>\n<p style=\"text-align: justify;\"><span style=\"color: #800000;\"><strong>Beirut, 19 feb (SANA)<\/strong> <\/span>El Ministerio liban\u00e9s de Asuntos Exteriores y Emigrantes conden\u00f3 hoy la agresi\u00f3n israel\u00ed contra zonas residenciales y civiles en Damasco y sus alrededores.<\/p>\n<p style=\"text-align: justify;\">\u201cEste ataque flagrante refleja la persistencia de Israel en violar las reglas m\u00e1s b\u00e1sicas del derecho internacional y reafirma su indiferencia hacia el sufrimiento humano, especialmente en tiempos de tragedias\u201d, afirm\u00f3 Canciller\u00eda citada por la Agencia Nacional de Noticias.<\/p>\n<p style=\"text-align: justify;\">La agresi\u00f3n israel\u00ed perpetrada esta madrugada contra Damasco caus\u00f3 la muerte de cuatro civiles y un militar, adem\u00e1s de lesiones a 15 personas, y colosales da\u00f1os materiales en edificios residenciales e instituciones culturales.<\/p>\n<p style=\"text-align: justify;\">fm\/as<\/p>\n","protected":false},"excerpt":{"rendered":"<p>\u201cEste ataque flagrante refleja la persistencia de Israel en violar las reglas m\u00e1s b\u00e1sicas del derecho internacional y reafirma su indiferencia hacia el sufrimiento humano, especialmente en tiempos de tragedias\u201d Beirut, 19 feb (SANA) El Ministerio liban\u00e9s de Asuntos Exteriores y Emigrantes conden\u00f3 hoy la agresi\u00f3n israel\u00ed contra zonas residenciales y civiles en Damasco y &hellip;<\/p>\n","protected":false},"author":42,"featured_media":288132,"comment_status":"closed","ping_status":"closed","sticky":false,"template":"","format":"standard","meta":{"footnotes":""},"categories":[597,20724,467,7541],"tags":[],"class_list":["post-288131","post","type-post","status-publish","format-standard","has-post-thumbnail","","category-cinta-de-noticias","category-minuto-a-minuto","category-siria-y-el-mundo","category-ultimas-noticias"],"_links":{"self":[{"href":"https:\/\/archive.sana.sy\/es\/index.php?rest_route=\/wp\/v2\/posts\/288131"}],"collection":[{"href":"https:\/\/archive.sana.sy\/es\/index.php?rest_route=\/wp\/v2\/posts"}],"about":[{"href":"https:\/\/archive.sana.sy\/es\/index.php?rest_route=\/wp\/v2\/types\/post"}],"author":[{"embeddable":true,"href":"https:\/\/archive.sana.sy\/es\/index.php?rest_route=\/wp\/v2\/users\/42"}],"replies":[{"embeddable":true,"href":"https:\/\/archive.sana.sy\/es\/index.php?rest_route=%2Fwp%2Fv2%2Fcomments&post=288131"}],"version-history":[{"count":0,"href":"https:\/\/archive.sana.sy\/es\/index.php?rest_route=\/wp\/v2\/posts\/288131\/revisions"}],"wp:featuredmedia":[{"embeddable":true,"href":"https:\/\/archive.sana.sy\/es\/index.php?rest_route=\/wp\/v2\/media\/288132"}],"wp:attachment":[{"href":"https:\/\/archive.sana.sy\/es\/index.php?rest_route=%2Fwp%2Fv2%2Fmedia&parent=288131"}],"wp:term":[{"taxonomy":"category","embeddable":true,"href":"https:\/\/archive.sana.sy\/es\/index.php?rest_route=%2Fwp%2Fv2%2Fcategories&post=288131"},{"taxonomy":"post_tag","embeddable":true,"href":"https:\/\/archive.sana.sy\/es\/index.php?rest_route=%2Fwp%2Fv2%2Ftags&post=288131"}],"curies":[{"name":"wp","href":"https:\/\/api.w.org\/{rel}","templated":true}]}}