{"id":288138,"date":"2023-02-19T18:36:48","date_gmt":"2023-02-19T15:36:48","guid":{"rendered":"http:\/\/107.6.182.27\/es\/?p=288138"},"modified":"2023-02-19T18:36:48","modified_gmt":"2023-02-19T15:36:48","slug":"apoyamos-a-la-hermana-siria-con-las-capacidades-disponibles-en-el-libano","status":"publish","type":"post","link":"https:\/\/archive.sana.sy\/es\/?p=288138","title":{"rendered":"\u201cApoyamos a la hermana Siria con las capacidades disponibles en el L\u00edbano\u201d"},"content":{"rendered":"<p style=\"text-align: justify;\"><span style=\"color: #800000;\"><strong>Damasco, 19 feb (SANA)<\/strong> <\/span>El primer ministro Hussein Arnous, recibi\u00f3 hoy a una delegaci\u00f3n parlamentaria libanesa encabezada por el jefe del Grupo Parlamentario de Hermandad y Amistad Liban\u00e9s-Sirio, Ali Hassan Khalil.<\/p>\n<p style=\"text-align: justify;\">Khalil expres\u00f3 en nombre del presidente del parlamento liban\u00e9s sus condolencias a las v\u00edctimas del terremoto que sacudi\u00f3 varias gobernaciones sirias recientemente.<\/p>\n<p style=\"text-align: justify;\">Expres\u00f3 la solidaridad del pueblo liban\u00e9s con Siria y las familias de las v\u00edctimas, y dese\u00f3 pronta recuperaci\u00f3n de los heridos.<br \/>\n&#8220;Expresamos nuestro apoyo a la hermana Siria con las capacidades disponibles en el L\u00edbano\u201d, afirm\u00f3 el diputado Khalil.<\/p>\n<p style=\"text-align: justify;\">Por su parte, el jefe del Ejecutivo sirio destac\u00f3 la importancia de las relaciones fraternales que unen a los dos pa\u00edses y pueblos, y expres\u00f3 su agradecimiento a los hermanos del L\u00edbano por estar al lado de Siria.<\/p>\n<p style=\"text-align: justify;\">fm\/as<\/p>\n","protected":false},"excerpt":{"rendered":"<p>Damasco, 19 feb (SANA) El primer ministro Hussein Arnous, recibi\u00f3 hoy a una delegaci\u00f3n parlamentaria libanesa encabezada por el jefe del Grupo Parlamentario de Hermandad y Amistad Liban\u00e9s-Sirio, Ali Hassan Khalil. Khalil expres\u00f3 en nombre del presidente del parlamento liban\u00e9s sus condolencias a las v\u00edctimas del terremoto que sacudi\u00f3 varias gobernaciones sirias recientemente. Expres\u00f3 la &hellip;<\/p>\n","protected":false},"author":42,"featured_media":288139,"comment_status":"closed","ping_status":"closed","sticky":false,"template":"","format":"standard","meta":{"footnotes":""},"categories":[597,20724,476,16688,7541],"tags":[],"class_list":["post-288138","post","type-post","status-publish","format-standard","has-post-thumbnail","","category-cinta-de-noticias","category-minuto-a-minuto","category-locales","category-nacionales","category-ultimas-noticias"],"_links":{"self":[{"href":"https:\/\/archive.sana.sy\/es\/index.php?rest_route=\/wp\/v2\/posts\/288138"}],"collection":[{"href":"https:\/\/archive.sana.sy\/es\/index.php?rest_route=\/wp\/v2\/posts"}],"about":[{"href":"https:\/\/archive.sana.sy\/es\/index.php?rest_route=\/wp\/v2\/types\/post"}],"author":[{"embeddable":true,"href":"https:\/\/archive.sana.sy\/es\/index.php?rest_route=\/wp\/v2\/users\/42"}],"replies":[{"embeddable":true,"href":"https:\/\/archive.sana.sy\/es\/index.php?rest_route=%2Fwp%2Fv2%2Fcomments&post=288138"}],"version-history":[{"count":0,"href":"https:\/\/archive.sana.sy\/es\/index.php?rest_route=\/wp\/v2\/posts\/288138\/revisions"}],"wp:featuredmedia":[{"embeddable":true,"href":"https:\/\/archive.sana.sy\/es\/index.php?rest_route=\/wp\/v2\/media\/288139"}],"wp:attachment":[{"href":"https:\/\/archive.sana.sy\/es\/index.php?rest_route=%2Fwp%2Fv2%2Fmedia&parent=288138"}],"wp:term":[{"taxonomy":"category","embeddable":true,"href":"https:\/\/archive.sana.sy\/es\/index.php?rest_route=%2Fwp%2Fv2%2Fcategories&post=288138"},{"taxonomy":"post_tag","embeddable":true,"href":"https:\/\/archive.sana.sy\/es\/index.php?rest_route=%2Fwp%2Fv2%2Ftags&post=288138"}],"curies":[{"name":"wp","href":"https:\/\/api.w.org\/{rel}","templated":true}]}}