{"id":288141,"date":"2023-02-19T18:45:08","date_gmt":"2023-02-19T15:45:08","guid":{"rendered":"https:\/\/sana.sy\/es\/?p=288141"},"modified":"2023-02-19T18:53:39","modified_gmt":"2023-02-19T15:53:39","slug":"presidente-sirio-recibe-una-delegacion-libanesa-solidaria-con-siria","status":"publish","type":"post","link":"https:\/\/archive.sana.sy\/es\/?p=288141","title":{"rendered":"Presidente sirio recibe una delegaci\u00f3n libanesa solidaria con Siria"},"content":{"rendered":"<p style=\"text-align: justify;\"><span style=\"color: #800000;\"><strong>Damasco, 19 feb (SANA)<\/strong><\/span>\u00a0 \u00a0El presidente Bashar al-Assad, recibi\u00f3 hoy a los miembros del Comit\u00e9 Parlamentario de Hermandad y Amistad Sirio-liban\u00e9s que llegaron a Siria en una visita de solidaridad con el pueblo sirio.<\/p>\n<p style=\"text-align: justify;\">\u201cSiria aprecia lo que el L\u00edbano ha demostrado a nivel oficial y popular en t\u00e9rminos de respuesta humanitaria y apoyo a los esfuerzos del gobierno sirio para brindar ayuda a los afectados por el terremoto\u201d, dijo el presidente.<\/p>\n<p style=\"text-align: justify;\">Elogi\u00f3 la ayuda de emergencia enviada y tambi\u00e9n las facilidades brindadas a la ayuda que llega a L\u00edbano a trav\u00e9s del aeropuerto y los puertos con destino a Siria.<\/p>\n<p style=\"text-align: justify;\">El mandatario consider\u00f3 que la relaci\u00f3n entre el L\u00edbano y Siria es fraternal y esta es la base sobre la cual deber\u00edan formularse las pol\u00edticas oficiales para servir los intereses comunes de los dos pueblos y trabajar para afrontar los retos.<\/p>\n<p style=\"text-align: justify;\">Por su parte, los miembros de la delegaci\u00f3n indicaron que visitan a Siria para expresar la profunda solidaridad del pueblo liban\u00e9s con el pueblo sirio.<\/p>\n<p style=\"text-align: justify;\">Subrayaron la necesidad de activar las relaciones bilaterales y mejorarlas en todos los campos.<\/p>\n<p style=\"text-align: justify;\">fm\/rr<\/p>\n","protected":false},"excerpt":{"rendered":"<p>Damasco, 19 feb (SANA)\u00a0 \u00a0El presidente Bashar al-Assad, recibi\u00f3 hoy a los miembros del Comit\u00e9 Parlamentario de Hermandad y Amistad Sirio-liban\u00e9s que llegaron a Siria en una visita de solidaridad con el pueblo sirio. \u201cSiria aprecia lo que el L\u00edbano ha demostrado a nivel oficial y popular en t\u00e9rminos de respuesta humanitaria y apoyo a &hellip;<\/p>\n","protected":false},"author":31,"featured_media":288146,"comment_status":"closed","ping_status":"closed","sticky":false,"template":"","format":"standard","meta":{"footnotes":""},"categories":[597,476,16237,583],"tags":[],"class_list":["post-288141","post","type-post","status-publish","format-standard","has-post-thumbnail","","category-cinta-de-noticias","category-locales","category-presidence-de-la-republique-arabe-syria","category-slide"],"_links":{"self":[{"href":"https:\/\/archive.sana.sy\/es\/index.php?rest_route=\/wp\/v2\/posts\/288141"}],"collection":[{"href":"https:\/\/archive.sana.sy\/es\/index.php?rest_route=\/wp\/v2\/posts"}],"about":[{"href":"https:\/\/archive.sana.sy\/es\/index.php?rest_route=\/wp\/v2\/types\/post"}],"author":[{"embeddable":true,"href":"https:\/\/archive.sana.sy\/es\/index.php?rest_route=\/wp\/v2\/users\/31"}],"replies":[{"embeddable":true,"href":"https:\/\/archive.sana.sy\/es\/index.php?rest_route=%2Fwp%2Fv2%2Fcomments&post=288141"}],"version-history":[{"count":0,"href":"https:\/\/archive.sana.sy\/es\/index.php?rest_route=\/wp\/v2\/posts\/288141\/revisions"}],"wp:featuredmedia":[{"embeddable":true,"href":"https:\/\/archive.sana.sy\/es\/index.php?rest_route=\/wp\/v2\/media\/288146"}],"wp:attachment":[{"href":"https:\/\/archive.sana.sy\/es\/index.php?rest_route=%2Fwp%2Fv2%2Fmedia&parent=288141"}],"wp:term":[{"taxonomy":"category","embeddable":true,"href":"https:\/\/archive.sana.sy\/es\/index.php?rest_route=%2Fwp%2Fv2%2Fcategories&post=288141"},{"taxonomy":"post_tag","embeddable":true,"href":"https:\/\/archive.sana.sy\/es\/index.php?rest_route=%2Fwp%2Fv2%2Ftags&post=288141"}],"curies":[{"name":"wp","href":"https:\/\/api.w.org\/{rel}","templated":true}]}}