{"id":288198,"date":"2023-02-19T23:43:49","date_gmt":"2023-02-19T20:43:49","guid":{"rendered":"https:\/\/sana.sy\/es\/?p=288198"},"modified":"2023-02-19T23:45:50","modified_gmt":"2023-02-19T20:45:50","slug":"bahrein-envia-ayuda-humanitaria-a-siria-via-jordania","status":"publish","type":"post","link":"https:\/\/archive.sana.sy\/es\/?p=288198","title":{"rendered":"Bahr\u00e9in env\u00eda  ayuda humanitaria a Siria a trav\u00e9s de Jordania"},"content":{"rendered":"<p style=\"text-align: justify;\"><span style=\"color: #800000;\"><strong>Deraa, 19 feb (SANA) <\/strong><\/span>El sucursal de la Media Luna Roja \u00c1rabe Siria (MILRAS) en la provincia sure\u00f1a de Deraa recibi\u00f3 hoy 42 toneladas de ayuda humanitaria proporcionada por Bahr\u00e9in, para ayudar a los afectados por el terremoto.<\/p>\n<p style=\"text-align: justify;\">La ayuda bahrein\u00ed fue entregada a la MILRAS a trav\u00e9s del cruce fronterizo de Nasib entre Jordania y Siria.<\/p>\n<p style=\"text-align: justify;\">El director del cruce, Shadi Abazid, declar\u00f3 a SANA que la ayuda proporcionada por el pueblo de Bahr\u00e9in, la comunidad siria y varias comunidades que residen en este pa\u00eds consiste en cuatro camiones que transportan alimentos, mantas y ropa.<\/p>\n<p style=\"text-align: justify;\"><em><strong>ah<\/strong><\/em><\/p>\n","protected":false},"excerpt":{"rendered":"<p>Deraa, 19 feb (SANA) El sucursal de la Media Luna Roja \u00c1rabe Siria (MILRAS) en la provincia sure\u00f1a de Deraa recibi\u00f3 hoy 42 toneladas de ayuda humanitaria proporcionada por Bahr\u00e9in, para ayudar a los afectados por el terremoto. La ayuda bahrein\u00ed fue entregada a la MILRAS a trav\u00e9s del cruce fronterizo de Nasib entre Jordania &hellip;<\/p>\n","protected":false},"author":30,"featured_media":288199,"comment_status":"closed","ping_status":"closed","sticky":false,"template":"","format":"standard","meta":{"footnotes":""},"categories":[597,20724,467],"tags":[],"class_list":["post-288198","post","type-post","status-publish","format-standard","has-post-thumbnail","","category-cinta-de-noticias","category-minuto-a-minuto","category-siria-y-el-mundo"],"_links":{"self":[{"href":"https:\/\/archive.sana.sy\/es\/index.php?rest_route=\/wp\/v2\/posts\/288198"}],"collection":[{"href":"https:\/\/archive.sana.sy\/es\/index.php?rest_route=\/wp\/v2\/posts"}],"about":[{"href":"https:\/\/archive.sana.sy\/es\/index.php?rest_route=\/wp\/v2\/types\/post"}],"author":[{"embeddable":true,"href":"https:\/\/archive.sana.sy\/es\/index.php?rest_route=\/wp\/v2\/users\/30"}],"replies":[{"embeddable":true,"href":"https:\/\/archive.sana.sy\/es\/index.php?rest_route=%2Fwp%2Fv2%2Fcomments&post=288198"}],"version-history":[{"count":0,"href":"https:\/\/archive.sana.sy\/es\/index.php?rest_route=\/wp\/v2\/posts\/288198\/revisions"}],"wp:featuredmedia":[{"embeddable":true,"href":"https:\/\/archive.sana.sy\/es\/index.php?rest_route=\/wp\/v2\/media\/288199"}],"wp:attachment":[{"href":"https:\/\/archive.sana.sy\/es\/index.php?rest_route=%2Fwp%2Fv2%2Fmedia&parent=288198"}],"wp:term":[{"taxonomy":"category","embeddable":true,"href":"https:\/\/archive.sana.sy\/es\/index.php?rest_route=%2Fwp%2Fv2%2Fcategories&post=288198"},{"taxonomy":"post_tag","embeddable":true,"href":"https:\/\/archive.sana.sy\/es\/index.php?rest_route=%2Fwp%2Fv2%2Ftags&post=288198"}],"curies":[{"name":"wp","href":"https:\/\/api.w.org\/{rel}","templated":true}]}}