{"id":288203,"date":"2023-02-20T00:27:40","date_gmt":"2023-02-19T21:27:40","guid":{"rendered":"https:\/\/sana.sy\/es\/?p=288203"},"modified":"2023-02-20T00:27:40","modified_gmt":"2023-02-19T21:27:40","slug":"asghar-khaji-la-agresion-israeli-contra-siria-mostro-la-naturaleza-brutal-de-la-entidad-sionista","status":"publish","type":"post","link":"https:\/\/archive.sana.sy\/es\/?p=288203","title":{"rendered":"Asghar Khaji: La agresi\u00f3n israel\u00ed contra Siria mostr\u00f3 la naturaleza brutal de la entidad sionista"},"content":{"rendered":"<p style=\"text-align: justify;\"><span style=\"color: #800000;\"><strong>Teher\u00e1n, 19 feb (SANA)<\/strong> <\/span>El asistente principal del Canciller iran\u00ed para Asuntos Pol\u00edticos Especiales, Ali Asghar Khaji, fustig\u00f3 que la agresi\u00f3n israel\u00ed ocurrida al amanecer de hoy contra Siria mostr\u00f3 la naturaleza brutal de la entidad sionista.<\/p>\n<p style=\"text-align: justify;\">\u201cMientras el pueblo sirio contin\u00faa sus esfuerzos para extraer a las v\u00edctimas de debajo de los escombros del terremoto, la entidad sionista lanz\u00f3 una agresi\u00f3n contra barrios residenciales, mostrando su naturaleza brutal\u201d, cit\u00f3 IRNA a Asghar Khaji durante una reuni\u00f3n con la directora general de Asuntos del Medio Oriente de la Canciller\u00eda suiza, Maya Tesavi.<\/p>\n<p style=\"text-align: justify;\">Asimismo, el alto funcionario iran\u00ed llam\u00f3 la comunidad internacional a cooperar m\u00e1s en el env\u00edo de ayuda humanitaria a las v\u00edctimas del terremoto en Siria.<\/p>\n<p style=\"text-align: justify;\"><em><strong>ah<\/strong><\/em><\/p>\n","protected":false},"excerpt":{"rendered":"<p>Teher\u00e1n, 19 feb (SANA) El asistente principal del Canciller iran\u00ed para Asuntos Pol\u00edticos Especiales, Ali Asghar Khaji, fustig\u00f3 que la agresi\u00f3n israel\u00ed ocurrida al amanecer de hoy contra Siria mostr\u00f3 la naturaleza brutal de la entidad sionista. \u201cMientras el pueblo sirio contin\u00faa sus esfuerzos para extraer a las v\u00edctimas de debajo de los escombros del &hellip;<\/p>\n","protected":false},"author":30,"featured_media":288204,"comment_status":"closed","ping_status":"closed","sticky":false,"template":"","format":"standard","meta":{"footnotes":""},"categories":[597,20724,467],"tags":[],"class_list":["post-288203","post","type-post","status-publish","format-standard","has-post-thumbnail","","category-cinta-de-noticias","category-minuto-a-minuto","category-siria-y-el-mundo"],"_links":{"self":[{"href":"https:\/\/archive.sana.sy\/es\/index.php?rest_route=\/wp\/v2\/posts\/288203"}],"collection":[{"href":"https:\/\/archive.sana.sy\/es\/index.php?rest_route=\/wp\/v2\/posts"}],"about":[{"href":"https:\/\/archive.sana.sy\/es\/index.php?rest_route=\/wp\/v2\/types\/post"}],"author":[{"embeddable":true,"href":"https:\/\/archive.sana.sy\/es\/index.php?rest_route=\/wp\/v2\/users\/30"}],"replies":[{"embeddable":true,"href":"https:\/\/archive.sana.sy\/es\/index.php?rest_route=%2Fwp%2Fv2%2Fcomments&post=288203"}],"version-history":[{"count":0,"href":"https:\/\/archive.sana.sy\/es\/index.php?rest_route=\/wp\/v2\/posts\/288203\/revisions"}],"wp:featuredmedia":[{"embeddable":true,"href":"https:\/\/archive.sana.sy\/es\/index.php?rest_route=\/wp\/v2\/media\/288204"}],"wp:attachment":[{"href":"https:\/\/archive.sana.sy\/es\/index.php?rest_route=%2Fwp%2Fv2%2Fmedia&parent=288203"}],"wp:term":[{"taxonomy":"category","embeddable":true,"href":"https:\/\/archive.sana.sy\/es\/index.php?rest_route=%2Fwp%2Fv2%2Fcategories&post=288203"},{"taxonomy":"post_tag","embeddable":true,"href":"https:\/\/archive.sana.sy\/es\/index.php?rest_route=%2Fwp%2Fv2%2Ftags&post=288203"}],"curies":[{"name":"wp","href":"https:\/\/api.w.org\/{rel}","templated":true}]}}