{"id":288206,"date":"2023-02-20T05:31:15","date_gmt":"2023-02-20T02:31:15","guid":{"rendered":"https:\/\/sana.sy\/es\/?p=288206"},"modified":"2023-02-20T05:31:15","modified_gmt":"2023-02-20T02:31:15","slug":"burkina-faso-anuncia-el-fin-oficial-de-la-presencia-francesa-en-su-territorio","status":"publish","type":"post","link":"https:\/\/archive.sana.sy\/es\/?p=288206","title":{"rendered":"Burkina Faso anuncia el fin oficial de la presencia francesa en su territorio"},"content":{"rendered":"<blockquote>\n<p style=\"text-align: justify;\"><span style=\"color: #993300;\">El 18 de enero, el gobierno de Burkina Faso denunci\u00f3 el acuerdo relativo al estatus de las fuerzas francesas en el pa\u00eds y les dio un mes para marcharse.<\/span><\/p>\n<\/blockquote>\n<p style=\"text-align: justify;\"><span style=\"color: #800000;\"><strong>Uagadug\u00fa, 20 feb (SANA)\u00a0<\/strong><\/span>\u00a0 Burkina Faso anunci\u00f3 hoy el fin de la presencia militar francesa en su territorio.<\/p>\n<p style=\"text-align: justify;\">El Estado Mayor del Ej\u00e9rcito en Burkina Faso inform\u00f3 en un comunicado difundido por la agencia France-Presse que \u201cel Estado Mayor General de los ej\u00e9rcitos y el mando de la fuerza francesa Sable efectuaron una ceremonia en la que las banderas fueron bajadas anunciando el fin oficial de las operaciones de la fuerza francesa en el territorio de Burkina Faso\u201d.<\/p>\n<p style=\"text-align: justify;\">El comunicado aclar\u00f3 que el desmantelamiento de los equipos y suministros de la una unidad de fuerzas especiales francesas desplegadas en Campouencin, a unos 30 kil\u00f3metros de la capital, Uagadug\u00fa, ser\u00e1 completado por un equipo log\u00edstico.<\/p>\n<p style=\"text-align: justify;\">El 18 de enero, el gobierno de Burkina Faso denunci\u00f3 el acuerdo relativo al estatus de las fuerzas francesas en el pa\u00eds y les dio un mes para marcharse.<\/p>\n<p style=\"text-align: justify;\">fm<\/p>\n<p style=\"text-align: justify;\">\n","protected":false},"excerpt":{"rendered":"<p>El 18 de enero, el gobierno de Burkina Faso denunci\u00f3 el acuerdo relativo al estatus de las fuerzas francesas en el pa\u00eds y les dio un mes para marcharse. Uagadug\u00fa, 20 feb (SANA)\u00a0\u00a0 Burkina Faso anunci\u00f3 hoy el fin de la presencia militar francesa en su territorio. El Estado Mayor del Ej\u00e9rcito en Burkina Faso &hellip;<\/p>\n","protected":false},"author":34,"featured_media":288207,"comment_status":"closed","ping_status":"closed","sticky":false,"template":"","format":"standard","meta":{"footnotes":""},"categories":[597,456,20724,7541],"tags":[],"class_list":["post-288206","post","type-post","status-publish","format-standard","has-post-thumbnail","","category-cinta-de-noticias","category-arabe-internacional-politica","category-minuto-a-minuto","category-ultimas-noticias"],"_links":{"self":[{"href":"https:\/\/archive.sana.sy\/es\/index.php?rest_route=\/wp\/v2\/posts\/288206"}],"collection":[{"href":"https:\/\/archive.sana.sy\/es\/index.php?rest_route=\/wp\/v2\/posts"}],"about":[{"href":"https:\/\/archive.sana.sy\/es\/index.php?rest_route=\/wp\/v2\/types\/post"}],"author":[{"embeddable":true,"href":"https:\/\/archive.sana.sy\/es\/index.php?rest_route=\/wp\/v2\/users\/34"}],"replies":[{"embeddable":true,"href":"https:\/\/archive.sana.sy\/es\/index.php?rest_route=%2Fwp%2Fv2%2Fcomments&post=288206"}],"version-history":[{"count":0,"href":"https:\/\/archive.sana.sy\/es\/index.php?rest_route=\/wp\/v2\/posts\/288206\/revisions"}],"wp:featuredmedia":[{"embeddable":true,"href":"https:\/\/archive.sana.sy\/es\/index.php?rest_route=\/wp\/v2\/media\/288207"}],"wp:attachment":[{"href":"https:\/\/archive.sana.sy\/es\/index.php?rest_route=%2Fwp%2Fv2%2Fmedia&parent=288206"}],"wp:term":[{"taxonomy":"category","embeddable":true,"href":"https:\/\/archive.sana.sy\/es\/index.php?rest_route=%2Fwp%2Fv2%2Fcategories&post=288206"},{"taxonomy":"post_tag","embeddable":true,"href":"https:\/\/archive.sana.sy\/es\/index.php?rest_route=%2Fwp%2Fv2%2Ftags&post=288206"}],"curies":[{"name":"wp","href":"https:\/\/api.w.org\/{rel}","templated":true}]}}