{"id":288211,"date":"2023-02-20T05:48:08","date_gmt":"2023-02-20T02:48:08","guid":{"rendered":"https:\/\/sana.sy\/es\/?p=288211"},"modified":"2023-02-20T05:48:08","modified_gmt":"2023-02-20T02:48:08","slug":"energica-condena-cubana-a-bombardeo-israeli-contra-siria","status":"publish","type":"post","link":"https:\/\/archive.sana.sy\/es\/?p=288211","title":{"rendered":"En\u00e9rgica condena cubana a bombardeo israel\u00ed contra Siria"},"content":{"rendered":"<blockquote>\n<p style=\"text-align: justify;\"><strong><span style=\"color: #993300;\">&#8220;Es un acto profundamente inhumano e irrespeta el dolor de ese pueblo, tras el terremoto ocurrido el pasado 6 de febrero que caus\u00f3 miles de v\u00edctimas&#8221;<\/span><\/strong><\/p>\n<\/blockquote>\n<p style=\"text-align: justify;\"><span style=\"color: #800000;\"><strong>La Habana, 20 feb (SANA)<\/strong><\/span> El canciller cubano Bruno Rodr\u00edguez expres\u00f3 hoy la en\u00e9rgica condena de su pa\u00eds al reciente bombardeo de Israel contra Damasco, la capital siria, que dej\u00f3 al menos cinco muertos y m\u00e1s de una decena de heridos.<\/p>\n<p style=\"text-align: justify;\">En su perfil en Twitter, el m\u00e1ximo representante de la diplomacia cubana afirm\u00f3 que tal acci\u00f3n viola la soberan\u00eda de ese pa\u00eds e irrespeta el dolor de ese pueblo, tras el terremoto ocurrido el pasado 6 de febrero que caus\u00f3 miles de v\u00edctimas.<\/p>\n<p style=\"text-align: justify;\">Rodr\u00edguez calific\u00f3 de irresponsable la agresi\u00f3n y la calific\u00f3 de una amenaza para la seguridad regional.<\/p>\n<p style=\"text-align: justify;\">A su vez, dirigentes del Partido Comunista de Cuba (PCC) condenaron el ataque.<\/p>\n<p style=\"text-align: justify;\">En su perfil en Twitter, el jefe del Departamento de Relaciones Internacionales del PCC, Emilio Lozada, calific\u00f3 a esa agresi\u00f3n con misiles como un acto profundamente inhumano, ejecutado en momentos en que el pueblo sirio se esfuerza en su recuperaci\u00f3n de los devastadores efectos del terremoto del pasado 6 de febrero.<\/p>\n<p style=\"text-align: justify;\">Tambi\u00e9n la subtitular de la Direcci\u00f3n de Estados Unidos del Ministerio de Relaciones Exteriores, Johana Tablada, repudi\u00f3 el ataque, as\u00ed como las agresiones perpetradas durante a\u00f1os contra la poblaci\u00f3n siria, fruto \u2013dijo- de la impunidad y los dobles raseros de Washington y otros pa\u00edses.<\/p>\n<p>fm<\/p>\n","protected":false},"excerpt":{"rendered":"<p>&#8220;Es un acto profundamente inhumano e irrespeta el dolor de ese pueblo, tras el terremoto ocurrido el pasado 6 de febrero que caus\u00f3 miles de v\u00edctimas&#8221; La Habana, 20 feb (SANA) El canciller cubano Bruno Rodr\u00edguez expres\u00f3 hoy la en\u00e9rgica condena de su pa\u00eds al reciente bombardeo de Israel contra Damasco, la capital siria, que &hellip;<\/p>\n","protected":false},"author":34,"featured_media":288210,"comment_status":"closed","ping_status":"closed","sticky":false,"template":"","format":"standard","meta":{"footnotes":""},"categories":[477,597,20724,467,7541],"tags":[],"class_list":["post-288211","post","type-post","status-publish","format-standard","has-post-thumbnail","","category-noticias-edulcorantes","category-cinta-de-noticias","category-minuto-a-minuto","category-siria-y-el-mundo","category-ultimas-noticias"],"_links":{"self":[{"href":"https:\/\/archive.sana.sy\/es\/index.php?rest_route=\/wp\/v2\/posts\/288211"}],"collection":[{"href":"https:\/\/archive.sana.sy\/es\/index.php?rest_route=\/wp\/v2\/posts"}],"about":[{"href":"https:\/\/archive.sana.sy\/es\/index.php?rest_route=\/wp\/v2\/types\/post"}],"author":[{"embeddable":true,"href":"https:\/\/archive.sana.sy\/es\/index.php?rest_route=\/wp\/v2\/users\/34"}],"replies":[{"embeddable":true,"href":"https:\/\/archive.sana.sy\/es\/index.php?rest_route=%2Fwp%2Fv2%2Fcomments&post=288211"}],"version-history":[{"count":0,"href":"https:\/\/archive.sana.sy\/es\/index.php?rest_route=\/wp\/v2\/posts\/288211\/revisions"}],"wp:featuredmedia":[{"embeddable":true,"href":"https:\/\/archive.sana.sy\/es\/index.php?rest_route=\/wp\/v2\/media\/288210"}],"wp:attachment":[{"href":"https:\/\/archive.sana.sy\/es\/index.php?rest_route=%2Fwp%2Fv2%2Fmedia&parent=288211"}],"wp:term":[{"taxonomy":"category","embeddable":true,"href":"https:\/\/archive.sana.sy\/es\/index.php?rest_route=%2Fwp%2Fv2%2Fcategories&post=288211"},{"taxonomy":"post_tag","embeddable":true,"href":"https:\/\/archive.sana.sy\/es\/index.php?rest_route=%2Fwp%2Fv2%2Ftags&post=288211"}],"curies":[{"name":"wp","href":"https:\/\/api.w.org\/{rel}","templated":true}]}}